{"id":1021,"date":"2025-07-13T10:48:53","date_gmt":"2025-07-13T08:48:53","guid":{"rendered":"https:\/\/gabegabe224.com\/?p=1021"},"modified":"2025-07-13T10:50:49","modified_gmt":"2025-07-13T08:50:49","slug":"wandjan-dimedi-rejoint-laffiche-de-la-4%e1%b5%89-edition-durban-made-ouest-a-laval","status":"publish","type":"post","link":"https:\/\/gabegabe224.com\/?p=1021","title":{"rendered":"Wandjan Dimedi rejoint l\u2019affiche de la 4\u1d49 \u00e9dition d\u2019Urban Made Ouest \u00e0 Laval"},"content":{"rendered":"\n<p>La sc\u00e8ne urbaine guin\u00e9enne poursuit son ancrage sur les sc\u00e8nes internationales. Pour sa 4\u1d49 \u00e9dition, le festival <strong>Urban Made Ouest<\/strong>, initi\u00e9 par la structure <strong>Made Up<\/strong> (fond\u00e9e par <strong>Minoss<\/strong>), est devenu un rendez-vous incontournable des cultures afro-urbaines dans l\u2019ouest de la France. Il mettra \u00e0 l\u2019honneur une nouvelle fois le talent guin\u00e9en. Aux c\u00f4t\u00e9s d\u2019artistes d\u00e9j\u00e0 annonc\u00e9s comme <strong>Oudy 1er, Mimi Payapaya, Sheba Queen<\/strong> et <strong>AK<\/strong>, c\u2019est d\u00e9sormais le nom de <strong>Wandjan Dimedi<\/strong> qui vient s\u2019ajouter \u00e0 une programmation riche et prometteuse.<\/p>\n\n\n\n<p>Reconnu pour son univers musical \u00e9clectique m\u00ealant tradition et modernit\u00e9, <strong>Wandjan Dimedi<\/strong> s\u2019est impos\u00e9 comme une figure montante de la sc\u00e8ne guin\u00e9enne. \u00c0 travers ses textes et ses performances, il explore des th\u00e9matiques sociales, identitaires et culturelles avec authenticit\u00e9. Sa participation \u00e0 <strong>Urban Made Ouest<\/strong> confirme sa perc\u00e9e au sein de la nouvelle g\u00e9n\u00e9ration d\u2019artistes qui portent haut les couleurs de la Guin\u00e9e.<\/p>\n\n\n\n<figure class=\"wp-block-image size-large\"><img  title=\"\" width=\"819\" height=\"1024\"   alt=\"518194075_1284716709681212_1061264615807419513_n-819x1024 Wandjan Dimedi rejoint l\u2019affiche de la 4\u1d49 \u00e9dition d\u2019Urban Made Ouest \u00e0 Laval\"  class=\"wp-image-1023 lws-optimize-lazyload\"\/ data-src=\"https:\/\/gabegabe224.com\/wp-content\/uploads\/2025\/07\/518194075_1284716709681212_1061264615807419513_n-819x1024.jpg\" srcset=\"https:\/\/gabegabe224.com\/wp-content\/uploads\/2025\/07\/518194075_1284716709681212_1061264615807419513_n-819x1024.jpg 819w, https:\/\/gabegabe224.com\/wp-content\/uploads\/2025\/07\/518194075_1284716709681212_1061264615807419513_n-240x300.jpg 240w, https:\/\/gabegabe224.com\/wp-content\/uploads\/2025\/07\/518194075_1284716709681212_1061264615807419513_n-768x960.jpg 768w, https:\/\/gabegabe224.com\/wp-content\/uploads\/2025\/07\/518194075_1284716709681212_1061264615807419513_n-1229x1536.jpg 1229w, https:\/\/gabegabe224.com\/wp-content\/uploads\/2025\/07\/518194075_1284716709681212_1061264615807419513_n.jpg 1638w\" sizes=\"(max-width: 819px) 100vw, 819px\" \/><\/figure>\n\n\n\n<p>L\u2019\u00e9v\u00e9nement se tiendra le <strong>4 octobre \u00e0 Laval<\/strong> et r\u00e9unira des figures \u00e9mergentes ainsi que des artistes confirm\u00e9s de la sph\u00e8re afro-urbaine francophone. La pr\u00e9sence de <strong>Wandjan<\/strong> dans cette d\u00e9l\u00e9gation illustre une fois de plus la dynamique actuelle de la sc\u00e8ne guin\u00e9enne, qui s\u2019impose comme un vivier de talents au rayonnement de plus en plus large.<\/p>\n","protected":false},"excerpt":{"rendered":"<p>La sc\u00e8ne urbaine guin\u00e9enne poursuit son ancrage sur les sc\u00e8nes internationales. Pour sa 4\u1d49 \u00e9dition, le festival Urban Made Ouest, initi\u00e9 par la structure Made Up (fond\u00e9e par Minoss), est devenu un rendez-vous incontournable des cultures afro-urbaines dans l\u2019ouest de la France. Il mettra \u00e0 l\u2019honneur une nouvelle fois le talent guin\u00e9en. Aux c\u00f4t\u00e9s d\u2019artistes [&hellip;]<\/p>\n","protected":false},"author":2,"featured_media":1022,"comment_status":"open","ping_status":"open","sticky":false,"template":"","format":"standard","meta":{"footnotes":""},"categories":[1,5],"tags":[],"class_list":["post-1021","post","type-post","status-publish","format-standard","has-post-thumbnail","hentry","category-accueil","category-musique"],"yoast_head":"<!-- This site is optimized with the Yoast SEO plugin v27.4 - https:\/\/yoast.com\/product\/yoast-seo-wordpress\/ -->\n<title>Wandjan Dimedi rejoint l\u2019affiche de la 4\u1d49 \u00e9dition d\u2019Urban Made Ouest \u00e0 Laval -<\/title>\n<meta name=\"robots\" content=\"index, follow, max-snippet:-1, max-image-preview:large, max-video-preview:-1\" \/>\n<link rel=\"canonical\" href=\"https:\/\/gabegabe224.com\/?p=1021\" \/>\n<meta property=\"og:locale\" content=\"fr_FR\" \/>\n<meta property=\"og:type\" content=\"article\" \/>\n<meta property=\"og:title\" content=\"Wandjan Dimedi rejoint l\u2019affiche de la 4\u1d49 \u00e9dition d\u2019Urban Made Ouest \u00e0 Laval -\" \/>\n<meta property=\"og:description\" content=\"La sc\u00e8ne urbaine guin\u00e9enne poursuit son ancrage sur les sc\u00e8nes internationales. Pour sa 4\u1d49 \u00e9dition, le festival Urban Made Ouest, initi\u00e9 par la structure Made Up (fond\u00e9e par Minoss), est devenu un rendez-vous incontournable des cultures afro-urbaines dans l\u2019ouest de la France. Il mettra \u00e0 l\u2019honneur une nouvelle fois le talent guin\u00e9en. Aux c\u00f4t\u00e9s d\u2019artistes [&hellip;]\" \/>\n<meta property=\"og:url\" content=\"https:\/\/gabegabe224.com\/?p=1021\" \/>\n<meta property=\"article:author\" content=\"https:\/\/www.facebook.com\/share\/1BNYrYA2g4\/?mibextid=wwXIfr\" \/>\n<meta property=\"article:published_time\" content=\"2025-07-13T08:48:53+00:00\" \/>\n<meta property=\"article:modified_time\" content=\"2025-07-13T08:50:49+00:00\" \/>\n<meta property=\"og:image\" content=\"https:\/\/gabegabe224.com\/wp-content\/uploads\/2025\/07\/wand.png\" \/>\n\t<meta property=\"og:image:width\" content=\"800\" \/>\n\t<meta property=\"og:image:height\" content=\"450\" \/>\n\t<meta property=\"og:image:type\" content=\"image\/png\" \/>\n<meta name=\"author\" content=\"Kabinet Conde\" \/>\n<meta name=\"twitter:card\" content=\"summary_large_image\" \/>\n<meta name=\"twitter:label1\" content=\"\u00c9crit par\" \/>\n\t<meta name=\"twitter:data1\" content=\"Kabinet Conde\" \/>\n\t<meta name=\"twitter:label2\" content=\"Dur\u00e9e de lecture estim\u00e9e\" \/>\n\t<meta name=\"twitter:data2\" content=\"2 minutes\" \/>\n<script type=\"application\/ld+json\" class=\"yoast-schema-graph\">{\"@context\":\"https:\\\/\\\/schema.org\",\"@graph\":[{\"@type\":\"Article\",\"@id\":\"https:\\\/\\\/gabegabe224.com\\\/?p=1021#article\",\"isPartOf\":{\"@id\":\"https:\\\/\\\/gabegabe224.com\\\/?p=1021\"},\"author\":{\"name\":\"Kabinet Conde\",\"@id\":\"https:\\\/\\\/gabegabe224.com\\\/#\\\/schema\\\/person\\\/8105b579cfbd3917935604f9bf7edd16\"},\"headline\":\"Wandjan Dimedi rejoint l\u2019affiche de la 4\u1d49 \u00e9dition d\u2019Urban Made Ouest \u00e0 Laval\",\"datePublished\":\"2025-07-13T08:48:53+00:00\",\"dateModified\":\"2025-07-13T08:50:49+00:00\",\"mainEntityOfPage\":{\"@id\":\"https:\\\/\\\/gabegabe224.com\\\/?p=1021\"},\"wordCount\":243,\"commentCount\":0,\"image\":{\"@id\":\"https:\\\/\\\/gabegabe224.com\\\/?p=1021#primaryimage\"},\"thumbnailUrl\":\"https:\\\/\\\/gabegabe224.com\\\/wp-content\\\/uploads\\\/2025\\\/07\\\/wand.png\",\"articleSection\":[\"Accueil\",\"Musique\"],\"inLanguage\":\"fr-FR\",\"potentialAction\":[{\"@type\":\"CommentAction\",\"name\":\"Comment\",\"target\":[\"https:\\\/\\\/gabegabe224.com\\\/?p=1021#respond\"]}]},{\"@type\":\"WebPage\",\"@id\":\"https:\\\/\\\/gabegabe224.com\\\/?p=1021\",\"url\":\"https:\\\/\\\/gabegabe224.com\\\/?p=1021\",\"name\":\"Wandjan Dimedi rejoint l\u2019affiche de la 4\u1d49 \u00e9dition d\u2019Urban Made Ouest \u00e0 Laval -\",\"isPartOf\":{\"@id\":\"https:\\\/\\\/gabegabe224.com\\\/#website\"},\"primaryImageOfPage\":{\"@id\":\"https:\\\/\\\/gabegabe224.com\\\/?p=1021#primaryimage\"},\"image\":{\"@id\":\"https:\\\/\\\/gabegabe224.com\\\/?p=1021#primaryimage\"},\"thumbnailUrl\":\"https:\\\/\\\/gabegabe224.com\\\/wp-content\\\/uploads\\\/2025\\\/07\\\/wand.png\",\"datePublished\":\"2025-07-13T08:48:53+00:00\",\"dateModified\":\"2025-07-13T08:50:49+00:00\",\"author\":{\"@id\":\"https:\\\/\\\/gabegabe224.com\\\/#\\\/schema\\\/person\\\/8105b579cfbd3917935604f9bf7edd16\"},\"breadcrumb\":{\"@id\":\"https:\\\/\\\/gabegabe224.com\\\/?p=1021#breadcrumb\"},\"inLanguage\":\"fr-FR\",\"potentialAction\":[{\"@type\":\"ReadAction\",\"target\":[\"https:\\\/\\\/gabegabe224.com\\\/?p=1021\"]}]},{\"@type\":\"ImageObject\",\"inLanguage\":\"fr-FR\",\"@id\":\"https:\\\/\\\/gabegabe224.com\\\/?p=1021#primaryimage\",\"url\":\"https:\\\/\\\/gabegabe224.com\\\/wp-content\\\/uploads\\\/2025\\\/07\\\/wand.png\",\"contentUrl\":\"https:\\\/\\\/gabegabe224.com\\\/wp-content\\\/uploads\\\/2025\\\/07\\\/wand.png\",\"width\":800,\"height\":450},{\"@type\":\"BreadcrumbList\",\"@id\":\"https:\\\/\\\/gabegabe224.com\\\/?p=1021#breadcrumb\",\"itemListElement\":[{\"@type\":\"ListItem\",\"position\":1,\"name\":\"Home\",\"item\":\"https:\\\/\\\/gabegabe224.com\\\/\"},{\"@type\":\"ListItem\",\"position\":2,\"name\":\"Wandjan Dimedi rejoint l\u2019affiche de la 4\u1d49 \u00e9dition d\u2019Urban Made Ouest \u00e0 Laval\"}]},{\"@type\":\"WebSite\",\"@id\":\"https:\\\/\\\/gabegabe224.com\\\/#website\",\"url\":\"https:\\\/\\\/gabegabe224.com\\\/\",\"name\":\"\",\"description\":\"L\u2019information au c\u0153ur du digital\",\"potentialAction\":[{\"@type\":\"SearchAction\",\"target\":{\"@type\":\"EntryPoint\",\"urlTemplate\":\"https:\\\/\\\/gabegabe224.com\\\/?s={search_term_string}\"},\"query-input\":{\"@type\":\"PropertyValueSpecification\",\"valueRequired\":true,\"valueName\":\"search_term_string\"}}],\"inLanguage\":\"fr-FR\"},{\"@type\":\"Person\",\"@id\":\"https:\\\/\\\/gabegabe224.com\\\/#\\\/schema\\\/person\\\/8105b579cfbd3917935604f9bf7edd16\",\"name\":\"Kabinet Conde\",\"image\":{\"@type\":\"ImageObject\",\"inLanguage\":\"fr-FR\",\"@id\":\"https:\\\/\\\/secure.gravatar.com\\\/avatar\\\/32a081a85900638cf698d08343cf679773737b821606e5678df90c5747d5f080?s=96&d=mm&r=g\",\"url\":\"https:\\\/\\\/secure.gravatar.com\\\/avatar\\\/32a081a85900638cf698d08343cf679773737b821606e5678df90c5747d5f080?s=96&d=mm&r=g\",\"contentUrl\":\"https:\\\/\\\/secure.gravatar.com\\\/avatar\\\/32a081a85900638cf698d08343cf679773737b821606e5678df90c5747d5f080?s=96&d=mm&r=g\",\"caption\":\"Kabinet Conde\"},\"sameAs\":[\"https:\\\/\\\/www.facebook.com\\\/share\\\/1BNYrYA2g4\\\/?mibextid=wwXIfr\",\"https:\\\/\\\/www.instagram.com\\\/kabisko_kabisko5?igsh=MXJzb3g3cXp1eGxiYQ&utm_source=qr\"],\"url\":\"https:\\\/\\\/gabegabe224.com\\\/?author=2\"}]}<\/script>\n<!-- \/ Yoast SEO plugin. -->","yoast_head_json":{"title":"Wandjan Dimedi rejoint l\u2019affiche de la 4\u1d49 \u00e9dition d\u2019Urban Made Ouest \u00e0 Laval -","robots":{"index":"index","follow":"follow","max-snippet":"max-snippet:-1","max-image-preview":"max-image-preview:large","max-video-preview":"max-video-preview:-1"},"canonical":"https:\/\/gabegabe224.com\/?p=1021","og_locale":"fr_FR","og_type":"article","og_title":"Wandjan Dimedi rejoint l\u2019affiche de la 4\u1d49 \u00e9dition d\u2019Urban Made Ouest \u00e0 Laval -","og_description":"La sc\u00e8ne urbaine guin\u00e9enne poursuit son ancrage sur les sc\u00e8nes internationales. Pour sa 4\u1d49 \u00e9dition, le festival Urban Made Ouest, initi\u00e9 par la structure Made Up (fond\u00e9e par Minoss), est devenu un rendez-vous incontournable des cultures afro-urbaines dans l\u2019ouest de la France. Il mettra \u00e0 l\u2019honneur une nouvelle fois le talent guin\u00e9en. Aux c\u00f4t\u00e9s d\u2019artistes [&hellip;]","og_url":"https:\/\/gabegabe224.com\/?p=1021","article_author":"https:\/\/www.facebook.com\/share\/1BNYrYA2g4\/?mibextid=wwXIfr","article_published_time":"2025-07-13T08:48:53+00:00","article_modified_time":"2025-07-13T08:50:49+00:00","og_image":[{"width":800,"height":450,"url":"https:\/\/gabegabe224.com\/wp-content\/uploads\/2025\/07\/wand.png","type":"image\/png"}],"author":"Kabinet Conde","twitter_card":"summary_large_image","twitter_misc":{"\u00c9crit par":"Kabinet Conde","Dur\u00e9e de lecture estim\u00e9e":"2 minutes"},"schema":{"@context":"https:\/\/schema.org","@graph":[{"@type":"Article","@id":"https:\/\/gabegabe224.com\/?p=1021#article","isPartOf":{"@id":"https:\/\/gabegabe224.com\/?p=1021"},"author":{"name":"Kabinet Conde","@id":"https:\/\/gabegabe224.com\/#\/schema\/person\/8105b579cfbd3917935604f9bf7edd16"},"headline":"Wandjan Dimedi rejoint l\u2019affiche de la 4\u1d49 \u00e9dition d\u2019Urban Made Ouest \u00e0 Laval","datePublished":"2025-07-13T08:48:53+00:00","dateModified":"2025-07-13T08:50:49+00:00","mainEntityOfPage":{"@id":"https:\/\/gabegabe224.com\/?p=1021"},"wordCount":243,"commentCount":0,"image":{"@id":"https:\/\/gabegabe224.com\/?p=1021#primaryimage"},"thumbnailUrl":"https:\/\/gabegabe224.com\/wp-content\/uploads\/2025\/07\/wand.png","articleSection":["Accueil","Musique"],"inLanguage":"fr-FR","potentialAction":[{"@type":"CommentAction","name":"Comment","target":["https:\/\/gabegabe224.com\/?p=1021#respond"]}]},{"@type":"WebPage","@id":"https:\/\/gabegabe224.com\/?p=1021","url":"https:\/\/gabegabe224.com\/?p=1021","name":"Wandjan Dimedi rejoint l\u2019affiche de la 4\u1d49 \u00e9dition d\u2019Urban Made Ouest \u00e0 Laval -","isPartOf":{"@id":"https:\/\/gabegabe224.com\/#website"},"primaryImageOfPage":{"@id":"https:\/\/gabegabe224.com\/?p=1021#primaryimage"},"image":{"@id":"https:\/\/gabegabe224.com\/?p=1021#primaryimage"},"thumbnailUrl":"https:\/\/gabegabe224.com\/wp-content\/uploads\/2025\/07\/wand.png","datePublished":"2025-07-13T08:48:53+00:00","dateModified":"2025-07-13T08:50:49+00:00","author":{"@id":"https:\/\/gabegabe224.com\/#\/schema\/person\/8105b579cfbd3917935604f9bf7edd16"},"breadcrumb":{"@id":"https:\/\/gabegabe224.com\/?p=1021#breadcrumb"},"inLanguage":"fr-FR","potentialAction":[{"@type":"ReadAction","target":["https:\/\/gabegabe224.com\/?p=1021"]}]},{"@type":"ImageObject","inLanguage":"fr-FR","@id":"https:\/\/gabegabe224.com\/?p=1021#primaryimage","url":"https:\/\/gabegabe224.com\/wp-content\/uploads\/2025\/07\/wand.png","contentUrl":"https:\/\/gabegabe224.com\/wp-content\/uploads\/2025\/07\/wand.png","width":800,"height":450},{"@type":"BreadcrumbList","@id":"https:\/\/gabegabe224.com\/?p=1021#breadcrumb","itemListElement":[{"@type":"ListItem","position":1,"name":"Home","item":"https:\/\/gabegabe224.com\/"},{"@type":"ListItem","position":2,"name":"Wandjan Dimedi rejoint l\u2019affiche de la 4\u1d49 \u00e9dition d\u2019Urban Made Ouest \u00e0 Laval"}]},{"@type":"WebSite","@id":"https:\/\/gabegabe224.com\/#website","url":"https:\/\/gabegabe224.com\/","name":"","description":"L\u2019information au c\u0153ur du digital","potentialAction":[{"@type":"SearchAction","target":{"@type":"EntryPoint","urlTemplate":"https:\/\/gabegabe224.com\/?s={search_term_string}"},"query-input":{"@type":"PropertyValueSpecification","valueRequired":true,"valueName":"search_term_string"}}],"inLanguage":"fr-FR"},{"@type":"Person","@id":"https:\/\/gabegabe224.com\/#\/schema\/person\/8105b579cfbd3917935604f9bf7edd16","name":"Kabinet Conde","image":{"@type":"ImageObject","inLanguage":"fr-FR","@id":"https:\/\/secure.gravatar.com\/avatar\/32a081a85900638cf698d08343cf679773737b821606e5678df90c5747d5f080?s=96&d=mm&r=g","url":"https:\/\/secure.gravatar.com\/avatar\/32a081a85900638cf698d08343cf679773737b821606e5678df90c5747d5f080?s=96&d=mm&r=g","contentUrl":"https:\/\/secure.gravatar.com\/avatar\/32a081a85900638cf698d08343cf679773737b821606e5678df90c5747d5f080?s=96&d=mm&r=g","caption":"Kabinet Conde"},"sameAs":["https:\/\/www.facebook.com\/share\/1BNYrYA2g4\/?mibextid=wwXIfr","https:\/\/www.instagram.com\/kabisko_kabisko5?igsh=MXJzb3g3cXp1eGxiYQ&utm_source=qr"],"url":"https:\/\/gabegabe224.com\/?author=2"}]}},"_links":{"self":[{"href":"https:\/\/gabegabe224.com\/index.php?rest_route=\/wp\/v2\/posts\/1021","targetHints":{"allow":["GET"]}}],"collection":[{"href":"https:\/\/gabegabe224.com\/index.php?rest_route=\/wp\/v2\/posts"}],"about":[{"href":"https:\/\/gabegabe224.com\/index.php?rest_route=\/wp\/v2\/types\/post"}],"author":[{"embeddable":true,"href":"https:\/\/gabegabe224.com\/index.php?rest_route=\/wp\/v2\/users\/2"}],"replies":[{"embeddable":true,"href":"https:\/\/gabegabe224.com\/index.php?rest_route=%2Fwp%2Fv2%2Fcomments&post=1021"}],"version-history":[{"count":2,"href":"https:\/\/gabegabe224.com\/index.php?rest_route=\/wp\/v2\/posts\/1021\/revisions"}],"predecessor-version":[{"id":1026,"href":"https:\/\/gabegabe224.com\/index.php?rest_route=\/wp\/v2\/posts\/1021\/revisions\/1026"}],"wp:featuredmedia":[{"embeddable":true,"href":"https:\/\/gabegabe224.com\/index.php?rest_route=\/wp\/v2\/media\/1022"}],"wp:attachment":[{"href":"https:\/\/gabegabe224.com\/index.php?rest_route=%2Fwp%2Fv2%2Fmedia&parent=1021"}],"wp:term":[{"taxonomy":"category","embeddable":true,"href":"https:\/\/gabegabe224.com\/index.php?rest_route=%2Fwp%2Fv2%2Fcategories&post=1021"},{"taxonomy":"post_tag","embeddable":true,"href":"https:\/\/gabegabe224.com\/index.php?rest_route=%2Fwp%2Fv2%2Ftags&post=1021"}],"curies":[{"name":"wp","href":"https:\/\/api.w.org\/{rel}","templated":true}]}}