{"id":1106,"date":"2025-07-24T15:00:37","date_gmt":"2025-07-24T13:00:37","guid":{"rendered":"https:\/\/gabegabe224.com\/?p=1106"},"modified":"2025-07-24T15:00:40","modified_gmt":"2025-07-24T13:00:40","slug":"djelykaba-bintou-annonce-la-creation-dune-fondation-pour-la-scolarisation-des-jeunes-filles","status":"publish","type":"post","link":"https:\/\/gabegabe224.com\/?p=1106","title":{"rendered":"Djelykaba Bintou annonce la cr\u00e9ation d&rsquo;une fondation pour la scolarisation des jeunes filles"},"content":{"rendered":"\n<p>Actuellement en s\u00e9jour en C\u00f4te d\u2019Ivoire, la chanteuse guin\u00e9enne\u00a0<strong>Djelykaba Bintou,\u00a0<\/strong>multiplie les actions pour assurer la promotion de son\u00a0<strong>grand concert pr\u00e9vu le 13 septembre prochain<\/strong>\u00a0\u00e0 la salle Anoumabo du Palais de la Culture d\u2019Abidjan. Invit\u00e9e r\u00e9cemment sur le plateau de\u00a0<strong>Trace C\u00f4te d\u2019Ivoire<\/strong>, l\u2019artiste s\u2019est exprim\u00e9e sur ses projets musicaux et personnels, notamment une initiative sociale qui lui tient particuli\u00e8rement \u00e0 c\u0153ur.<\/p>\n\n\n\n<p>Durant son intervention,\u00a0<strong>La Patronne <\/strong>a annonc\u00e9 la mise en place prochaine de sa propre fondation, d\u00e9di\u00e9e \u00e0 la scolarisation des jeunes filles, notamment celles issues de milieux d\u00e9favoris\u00e9s. <strong><em>\u00ab\u00a0Il y a beaucoup de projets qui arrivent, mais ma fondation tient une place sp\u00e9ciale dans mon c\u0153ur\u00a0\u00bb<\/em><\/strong> , a-t-elle confi\u00e9. <strong><em>\u00ab\u00a0Mon p\u00e8re m\u2019a pouss\u00e9e \u00e0 aller \u00e0 l\u2019\u00e9cole, et aujourd\u2019hui, gr\u00e2ce \u00e0 Dieu, j\u2019ai obtenu mon dipl\u00f4me. C\u2019est ce parcours qui m\u2019a motiv\u00e9e \u00e0 m\u2019engager dans l\u2019\u00e9ducation des jeunes filles. Il faut mettre la pression pour qu\u2019elles aillent \u00e0 l\u2019\u00e9cole. Si je n\u2019avais pas re\u00e7u une bonne \u00e9ducation, je ne serais pas l\u00e0 aujourd\u2019hui ni ne saurais me comporter.\u00a0\u00bb\u202f<\/em><\/strong><\/p>\n\n\n\n<p>En plus de cette fondation en cours de cr\u00e9ation,&nbsp;<strong>l\u2019artiste a \u00e9galement \u00e9voqu\u00e9 ses activit\u00e9s entrepreneuriales<\/strong>, notamment son restaurant et sa p\u00e2tisserie baptis\u00e9s&nbsp;<strong>\u00ab Les D\u00e9lices du Patronat \u00bb<\/strong>, qui participent \u00e0 sa volont\u00e9 d\u2019entreprendre au-del\u00e0 de la musique.<\/p>\n\n\n\n<p>Entre engagement social, carri\u00e8re musicale et initiatives \u00e9conomiques,&nbsp;<strong>La Patronne confirme son statut d\u2019artiste compl\u00e8te et engag\u00e9e<\/strong>, d\u00e9termin\u00e9e \u00e0 faire de son influence un levier de changement. Son passage remarqu\u00e9 en C\u00f4te d\u2019Ivoire s\u2019inscrit dans cette dynamique, alors qu\u2019elle pr\u00e9pare l\u2019un des concerts majeurs de sa carri\u00e8re dans un haut lieu de la sc\u00e8ne ouest-africaine.<\/p>\n\n\n\n<p><strong>Lien : <a href=\"https:\/\/www.facebook.com\/share\/p\/1ABBN3gxz5\/\">https:\/\/www.facebook.com\/share\/p\/1ABBN3gxz5\/<\/a><\/strong><\/p>\n\n\n\n<p><strong>Kabinet Cond\u00e9<\/strong><\/p>\n","protected":false},"excerpt":{"rendered":"<p>Actuellement en s\u00e9jour en C\u00f4te d\u2019Ivoire, la chanteuse guin\u00e9enne\u00a0Djelykaba Bintou,\u00a0multiplie les actions pour assurer la promotion de son\u00a0grand concert pr\u00e9vu le 13 septembre prochain\u00a0\u00e0 la salle Anoumabo du Palais de la Culture d\u2019Abidjan. Invit\u00e9e r\u00e9cemment sur le plateau de\u00a0Trace C\u00f4te d\u2019Ivoire, l\u2019artiste s\u2019est exprim\u00e9e sur ses projets musicaux et personnels, notamment une initiative sociale qui [&hellip;]<\/p>\n","protected":false},"author":2,"featured_media":1107,"comment_status":"open","ping_status":"open","sticky":false,"template":"","format":"standard","meta":{"footnotes":""},"categories":[1,3],"tags":[],"class_list":["post-1106","post","type-post","status-publish","format-standard","has-post-thumbnail","hentry","category-accueil","category-people"],"yoast_head":"<!-- This site is optimized with the Yoast SEO plugin v27.4 - https:\/\/yoast.com\/product\/yoast-seo-wordpress\/ -->\n<title>Djelykaba Bintou annonce la cr\u00e9ation d&#039;une fondation pour la scolarisation des jeunes filles -<\/title>\n<meta name=\"robots\" content=\"index, follow, max-snippet:-1, max-image-preview:large, max-video-preview:-1\" \/>\n<link rel=\"canonical\" href=\"https:\/\/gabegabe224.com\/?p=1106\" \/>\n<meta property=\"og:locale\" content=\"fr_FR\" \/>\n<meta property=\"og:type\" content=\"article\" \/>\n<meta property=\"og:title\" content=\"Djelykaba Bintou annonce la cr\u00e9ation d&#039;une fondation pour la scolarisation des jeunes filles -\" \/>\n<meta property=\"og:description\" content=\"Actuellement en s\u00e9jour en C\u00f4te d\u2019Ivoire, la chanteuse guin\u00e9enne\u00a0Djelykaba Bintou,\u00a0multiplie les actions pour assurer la promotion de son\u00a0grand concert pr\u00e9vu le 13 septembre prochain\u00a0\u00e0 la salle Anoumabo du Palais de la Culture d\u2019Abidjan. Invit\u00e9e r\u00e9cemment sur le plateau de\u00a0Trace C\u00f4te d\u2019Ivoire, l\u2019artiste s\u2019est exprim\u00e9e sur ses projets musicaux et personnels, notamment une initiative sociale qui [&hellip;]\" \/>\n<meta property=\"og:url\" content=\"https:\/\/gabegabe224.com\/?p=1106\" \/>\n<meta property=\"article:author\" content=\"https:\/\/www.facebook.com\/share\/1BNYrYA2g4\/?mibextid=wwXIfr\" \/>\n<meta property=\"article:published_time\" content=\"2025-07-24T13:00:37+00:00\" \/>\n<meta property=\"article:modified_time\" content=\"2025-07-24T13:00:40+00:00\" \/>\n<meta property=\"og:image\" content=\"https:\/\/gabegabe224.com\/wp-content\/uploads\/2025\/07\/bintu3.png\" \/>\n\t<meta property=\"og:image:width\" content=\"800\" \/>\n\t<meta property=\"og:image:height\" content=\"450\" \/>\n\t<meta property=\"og:image:type\" content=\"image\/png\" \/>\n<meta name=\"author\" content=\"Kabinet Conde\" \/>\n<meta name=\"twitter:card\" content=\"summary_large_image\" \/>\n<meta name=\"twitter:label1\" content=\"\u00c9crit par\" \/>\n\t<meta name=\"twitter:data1\" content=\"Kabinet Conde\" \/>\n\t<meta name=\"twitter:label2\" content=\"Dur\u00e9e de lecture estim\u00e9e\" \/>\n\t<meta name=\"twitter:data2\" content=\"2 minutes\" \/>\n<script type=\"application\/ld+json\" class=\"yoast-schema-graph\">{\"@context\":\"https:\\\/\\\/schema.org\",\"@graph\":[{\"@type\":\"Article\",\"@id\":\"https:\\\/\\\/gabegabe224.com\\\/?p=1106#article\",\"isPartOf\":{\"@id\":\"https:\\\/\\\/gabegabe224.com\\\/?p=1106\"},\"author\":{\"name\":\"Kabinet Conde\",\"@id\":\"https:\\\/\\\/gabegabe224.com\\\/#\\\/schema\\\/person\\\/8105b579cfbd3917935604f9bf7edd16\"},\"headline\":\"Djelykaba Bintou annonce la cr\u00e9ation d&rsquo;une fondation pour la scolarisation des jeunes filles\",\"datePublished\":\"2025-07-24T13:00:37+00:00\",\"dateModified\":\"2025-07-24T13:00:40+00:00\",\"mainEntityOfPage\":{\"@id\":\"https:\\\/\\\/gabegabe224.com\\\/?p=1106\"},\"wordCount\":343,\"commentCount\":0,\"image\":{\"@id\":\"https:\\\/\\\/gabegabe224.com\\\/?p=1106#primaryimage\"},\"thumbnailUrl\":\"https:\\\/\\\/gabegabe224.com\\\/wp-content\\\/uploads\\\/2025\\\/07\\\/bintu3.png\",\"articleSection\":[\"Accueil\",\"People\"],\"inLanguage\":\"fr-FR\",\"potentialAction\":[{\"@type\":\"CommentAction\",\"name\":\"Comment\",\"target\":[\"https:\\\/\\\/gabegabe224.com\\\/?p=1106#respond\"]}]},{\"@type\":\"WebPage\",\"@id\":\"https:\\\/\\\/gabegabe224.com\\\/?p=1106\",\"url\":\"https:\\\/\\\/gabegabe224.com\\\/?p=1106\",\"name\":\"Djelykaba Bintou annonce la cr\u00e9ation d'une fondation pour la scolarisation des jeunes filles -\",\"isPartOf\":{\"@id\":\"https:\\\/\\\/gabegabe224.com\\\/#website\"},\"primaryImageOfPage\":{\"@id\":\"https:\\\/\\\/gabegabe224.com\\\/?p=1106#primaryimage\"},\"image\":{\"@id\":\"https:\\\/\\\/gabegabe224.com\\\/?p=1106#primaryimage\"},\"thumbnailUrl\":\"https:\\\/\\\/gabegabe224.com\\\/wp-content\\\/uploads\\\/2025\\\/07\\\/bintu3.png\",\"datePublished\":\"2025-07-24T13:00:37+00:00\",\"dateModified\":\"2025-07-24T13:00:40+00:00\",\"author\":{\"@id\":\"https:\\\/\\\/gabegabe224.com\\\/#\\\/schema\\\/person\\\/8105b579cfbd3917935604f9bf7edd16\"},\"breadcrumb\":{\"@id\":\"https:\\\/\\\/gabegabe224.com\\\/?p=1106#breadcrumb\"},\"inLanguage\":\"fr-FR\",\"potentialAction\":[{\"@type\":\"ReadAction\",\"target\":[\"https:\\\/\\\/gabegabe224.com\\\/?p=1106\"]}]},{\"@type\":\"ImageObject\",\"inLanguage\":\"fr-FR\",\"@id\":\"https:\\\/\\\/gabegabe224.com\\\/?p=1106#primaryimage\",\"url\":\"https:\\\/\\\/gabegabe224.com\\\/wp-content\\\/uploads\\\/2025\\\/07\\\/bintu3.png\",\"contentUrl\":\"https:\\\/\\\/gabegabe224.com\\\/wp-content\\\/uploads\\\/2025\\\/07\\\/bintu3.png\",\"width\":800,\"height\":450},{\"@type\":\"BreadcrumbList\",\"@id\":\"https:\\\/\\\/gabegabe224.com\\\/?p=1106#breadcrumb\",\"itemListElement\":[{\"@type\":\"ListItem\",\"position\":1,\"name\":\"Home\",\"item\":\"https:\\\/\\\/gabegabe224.com\\\/\"},{\"@type\":\"ListItem\",\"position\":2,\"name\":\"Djelykaba Bintou annonce la cr\u00e9ation d&rsquo;une fondation pour la scolarisation des jeunes filles\"}]},{\"@type\":\"WebSite\",\"@id\":\"https:\\\/\\\/gabegabe224.com\\\/#website\",\"url\":\"https:\\\/\\\/gabegabe224.com\\\/\",\"name\":\"\",\"description\":\"L\u2019information au c\u0153ur du digital\",\"potentialAction\":[{\"@type\":\"SearchAction\",\"target\":{\"@type\":\"EntryPoint\",\"urlTemplate\":\"https:\\\/\\\/gabegabe224.com\\\/?s={search_term_string}\"},\"query-input\":{\"@type\":\"PropertyValueSpecification\",\"valueRequired\":true,\"valueName\":\"search_term_string\"}}],\"inLanguage\":\"fr-FR\"},{\"@type\":\"Person\",\"@id\":\"https:\\\/\\\/gabegabe224.com\\\/#\\\/schema\\\/person\\\/8105b579cfbd3917935604f9bf7edd16\",\"name\":\"Kabinet Conde\",\"image\":{\"@type\":\"ImageObject\",\"inLanguage\":\"fr-FR\",\"@id\":\"https:\\\/\\\/secure.gravatar.com\\\/avatar\\\/32a081a85900638cf698d08343cf679773737b821606e5678df90c5747d5f080?s=96&d=mm&r=g\",\"url\":\"https:\\\/\\\/secure.gravatar.com\\\/avatar\\\/32a081a85900638cf698d08343cf679773737b821606e5678df90c5747d5f080?s=96&d=mm&r=g\",\"contentUrl\":\"https:\\\/\\\/secure.gravatar.com\\\/avatar\\\/32a081a85900638cf698d08343cf679773737b821606e5678df90c5747d5f080?s=96&d=mm&r=g\",\"caption\":\"Kabinet Conde\"},\"sameAs\":[\"https:\\\/\\\/www.facebook.com\\\/share\\\/1BNYrYA2g4\\\/?mibextid=wwXIfr\",\"https:\\\/\\\/www.instagram.com\\\/kabisko_kabisko5?igsh=MXJzb3g3cXp1eGxiYQ&utm_source=qr\"],\"url\":\"https:\\\/\\\/gabegabe224.com\\\/?author=2\"}]}<\/script>\n<!-- \/ Yoast SEO plugin. -->","yoast_head_json":{"title":"Djelykaba Bintou annonce la cr\u00e9ation d'une fondation pour la scolarisation des jeunes filles -","robots":{"index":"index","follow":"follow","max-snippet":"max-snippet:-1","max-image-preview":"max-image-preview:large","max-video-preview":"max-video-preview:-1"},"canonical":"https:\/\/gabegabe224.com\/?p=1106","og_locale":"fr_FR","og_type":"article","og_title":"Djelykaba Bintou annonce la cr\u00e9ation d'une fondation pour la scolarisation des jeunes filles -","og_description":"Actuellement en s\u00e9jour en C\u00f4te d\u2019Ivoire, la chanteuse guin\u00e9enne\u00a0Djelykaba Bintou,\u00a0multiplie les actions pour assurer la promotion de son\u00a0grand concert pr\u00e9vu le 13 septembre prochain\u00a0\u00e0 la salle Anoumabo du Palais de la Culture d\u2019Abidjan. Invit\u00e9e r\u00e9cemment sur le plateau de\u00a0Trace C\u00f4te d\u2019Ivoire, l\u2019artiste s\u2019est exprim\u00e9e sur ses projets musicaux et personnels, notamment une initiative sociale qui [&hellip;]","og_url":"https:\/\/gabegabe224.com\/?p=1106","article_author":"https:\/\/www.facebook.com\/share\/1BNYrYA2g4\/?mibextid=wwXIfr","article_published_time":"2025-07-24T13:00:37+00:00","article_modified_time":"2025-07-24T13:00:40+00:00","og_image":[{"width":800,"height":450,"url":"https:\/\/gabegabe224.com\/wp-content\/uploads\/2025\/07\/bintu3.png","type":"image\/png"}],"author":"Kabinet Conde","twitter_card":"summary_large_image","twitter_misc":{"\u00c9crit par":"Kabinet Conde","Dur\u00e9e de lecture estim\u00e9e":"2 minutes"},"schema":{"@context":"https:\/\/schema.org","@graph":[{"@type":"Article","@id":"https:\/\/gabegabe224.com\/?p=1106#article","isPartOf":{"@id":"https:\/\/gabegabe224.com\/?p=1106"},"author":{"name":"Kabinet Conde","@id":"https:\/\/gabegabe224.com\/#\/schema\/person\/8105b579cfbd3917935604f9bf7edd16"},"headline":"Djelykaba Bintou annonce la cr\u00e9ation d&rsquo;une fondation pour la scolarisation des jeunes filles","datePublished":"2025-07-24T13:00:37+00:00","dateModified":"2025-07-24T13:00:40+00:00","mainEntityOfPage":{"@id":"https:\/\/gabegabe224.com\/?p=1106"},"wordCount":343,"commentCount":0,"image":{"@id":"https:\/\/gabegabe224.com\/?p=1106#primaryimage"},"thumbnailUrl":"https:\/\/gabegabe224.com\/wp-content\/uploads\/2025\/07\/bintu3.png","articleSection":["Accueil","People"],"inLanguage":"fr-FR","potentialAction":[{"@type":"CommentAction","name":"Comment","target":["https:\/\/gabegabe224.com\/?p=1106#respond"]}]},{"@type":"WebPage","@id":"https:\/\/gabegabe224.com\/?p=1106","url":"https:\/\/gabegabe224.com\/?p=1106","name":"Djelykaba Bintou annonce la cr\u00e9ation d'une fondation pour la scolarisation des jeunes filles -","isPartOf":{"@id":"https:\/\/gabegabe224.com\/#website"},"primaryImageOfPage":{"@id":"https:\/\/gabegabe224.com\/?p=1106#primaryimage"},"image":{"@id":"https:\/\/gabegabe224.com\/?p=1106#primaryimage"},"thumbnailUrl":"https:\/\/gabegabe224.com\/wp-content\/uploads\/2025\/07\/bintu3.png","datePublished":"2025-07-24T13:00:37+00:00","dateModified":"2025-07-24T13:00:40+00:00","author":{"@id":"https:\/\/gabegabe224.com\/#\/schema\/person\/8105b579cfbd3917935604f9bf7edd16"},"breadcrumb":{"@id":"https:\/\/gabegabe224.com\/?p=1106#breadcrumb"},"inLanguage":"fr-FR","potentialAction":[{"@type":"ReadAction","target":["https:\/\/gabegabe224.com\/?p=1106"]}]},{"@type":"ImageObject","inLanguage":"fr-FR","@id":"https:\/\/gabegabe224.com\/?p=1106#primaryimage","url":"https:\/\/gabegabe224.com\/wp-content\/uploads\/2025\/07\/bintu3.png","contentUrl":"https:\/\/gabegabe224.com\/wp-content\/uploads\/2025\/07\/bintu3.png","width":800,"height":450},{"@type":"BreadcrumbList","@id":"https:\/\/gabegabe224.com\/?p=1106#breadcrumb","itemListElement":[{"@type":"ListItem","position":1,"name":"Home","item":"https:\/\/gabegabe224.com\/"},{"@type":"ListItem","position":2,"name":"Djelykaba Bintou annonce la cr\u00e9ation d&rsquo;une fondation pour la scolarisation des jeunes filles"}]},{"@type":"WebSite","@id":"https:\/\/gabegabe224.com\/#website","url":"https:\/\/gabegabe224.com\/","name":"","description":"L\u2019information au c\u0153ur du digital","potentialAction":[{"@type":"SearchAction","target":{"@type":"EntryPoint","urlTemplate":"https:\/\/gabegabe224.com\/?s={search_term_string}"},"query-input":{"@type":"PropertyValueSpecification","valueRequired":true,"valueName":"search_term_string"}}],"inLanguage":"fr-FR"},{"@type":"Person","@id":"https:\/\/gabegabe224.com\/#\/schema\/person\/8105b579cfbd3917935604f9bf7edd16","name":"Kabinet Conde","image":{"@type":"ImageObject","inLanguage":"fr-FR","@id":"https:\/\/secure.gravatar.com\/avatar\/32a081a85900638cf698d08343cf679773737b821606e5678df90c5747d5f080?s=96&d=mm&r=g","url":"https:\/\/secure.gravatar.com\/avatar\/32a081a85900638cf698d08343cf679773737b821606e5678df90c5747d5f080?s=96&d=mm&r=g","contentUrl":"https:\/\/secure.gravatar.com\/avatar\/32a081a85900638cf698d08343cf679773737b821606e5678df90c5747d5f080?s=96&d=mm&r=g","caption":"Kabinet Conde"},"sameAs":["https:\/\/www.facebook.com\/share\/1BNYrYA2g4\/?mibextid=wwXIfr","https:\/\/www.instagram.com\/kabisko_kabisko5?igsh=MXJzb3g3cXp1eGxiYQ&utm_source=qr"],"url":"https:\/\/gabegabe224.com\/?author=2"}]}},"_links":{"self":[{"href":"https:\/\/gabegabe224.com\/index.php?rest_route=\/wp\/v2\/posts\/1106","targetHints":{"allow":["GET"]}}],"collection":[{"href":"https:\/\/gabegabe224.com\/index.php?rest_route=\/wp\/v2\/posts"}],"about":[{"href":"https:\/\/gabegabe224.com\/index.php?rest_route=\/wp\/v2\/types\/post"}],"author":[{"embeddable":true,"href":"https:\/\/gabegabe224.com\/index.php?rest_route=\/wp\/v2\/users\/2"}],"replies":[{"embeddable":true,"href":"https:\/\/gabegabe224.com\/index.php?rest_route=%2Fwp%2Fv2%2Fcomments&post=1106"}],"version-history":[{"count":1,"href":"https:\/\/gabegabe224.com\/index.php?rest_route=\/wp\/v2\/posts\/1106\/revisions"}],"predecessor-version":[{"id":1108,"href":"https:\/\/gabegabe224.com\/index.php?rest_route=\/wp\/v2\/posts\/1106\/revisions\/1108"}],"wp:featuredmedia":[{"embeddable":true,"href":"https:\/\/gabegabe224.com\/index.php?rest_route=\/wp\/v2\/media\/1107"}],"wp:attachment":[{"href":"https:\/\/gabegabe224.com\/index.php?rest_route=%2Fwp%2Fv2%2Fmedia&parent=1106"}],"wp:term":[{"taxonomy":"category","embeddable":true,"href":"https:\/\/gabegabe224.com\/index.php?rest_route=%2Fwp%2Fv2%2Fcategories&post=1106"},{"taxonomy":"post_tag","embeddable":true,"href":"https:\/\/gabegabe224.com\/index.php?rest_route=%2Fwp%2Fv2%2Ftags&post=1106"}],"curies":[{"name":"wp","href":"https:\/\/api.w.org\/{rel}","templated":true}]}}