{"id":1269,"date":"2025-08-13T21:42:29","date_gmt":"2025-08-13T19:42:29","guid":{"rendered":"https:\/\/gabegabe224.com\/?p=1269"},"modified":"2025-08-13T21:45:28","modified_gmt":"2025-08-13T19:45:28","slug":"lafrique-festival-20%e1%b5%89-edition-diabate-bangaly-fode-detaille-la-presence-guineenne-a-ce-grand-evenement","status":"publish","type":"post","link":"https:\/\/gabegabe224.com\/?p=1269","title":{"rendered":"L\u2019Afrique Festival 20\u1d49 \u00e9dition : Diabat\u00e9 Bangaly Fod\u00e9 d\u00e9taille la pr\u00e9sence guin\u00e9enne \u00e0 ce grand \u00e9v\u00e9nement"},"content":{"rendered":"\n<p>Les <strong>6 et 7 septembre 2025<\/strong>, le mythique <strong>Parc des Princes \u00e0 Paris<\/strong> vibrera aux couleurs et aux rythmes du continent africain \u00e0 l\u2019occasion de la 20\u1d49 \u00e9dition de <strong>L\u2019Afrique Festival<\/strong>. Un rendez-vous d\u2019exception qui mettra en lumi\u00e8re l\u2019Afrique contemporaine et ses diasporas, \u00e0 travers la musique, la culture, l\u2019innovation et l\u2019entrepreneuriat.<\/p>\n\n\n\n<p>Cr\u00e9\u00e9 en 2003 en Angleterre, d\u2019abord \u00e0 Newcastle puis \u00e0 Londres, L\u2019Afrique Festival s\u2019est impos\u00e9 comme une plateforme culturelle et sociale unique, accueillant en deux d\u00e9cennies plus de <strong>2 millions de festivaliers<\/strong>. Sa vocation : c\u00e9l\u00e9brer la fraternit\u00e9, la diversit\u00e9 et l\u2019ouverture d\u2019esprit, tout en valorisant l\u2019Afrique dans toute sa richesse.<\/p>\n\n\n\n<figure class=\"wp-block-image size-full\"><img  title=\"\" width=\"553\" height=\"574\"   alt=\"afri L\u2019Afrique Festival 20\u1d49 \u00e9dition : Diabat\u00e9 Bangaly Fod\u00e9 d\u00e9taille la pr\u00e9sence guin\u00e9enne \u00e0 ce grand \u00e9v\u00e9nement\"  class=\"wp-image-1272 lws-optimize-lazyload\"\/ data-src=\"https:\/\/gabegabe224.com\/wp-content\/uploads\/2025\/08\/afri.png\" srcset=\"https:\/\/gabegabe224.com\/wp-content\/uploads\/2025\/08\/afri.png 553w, https:\/\/gabegabe224.com\/wp-content\/uploads\/2025\/08\/afri-289x300.png 289w\" sizes=\"(max-width: 553px) 100vw, 553px\" \/><\/figure>\n\n\n\n<h3 class=\"wp-block-heading\">Un programme entre tradition et modernit\u00e9<\/h3>\n\n\n\n<p>Pour cette \u00e9dition anniversaire, le festival s\u2019articulera autour de deux espaces phares :<\/p>\n\n\n\n<ul class=\"wp-block-list\">\n<li><strong>Le Village d\u2019Afrique<\/strong> : un lieu de d\u00e9couverte et de convivialit\u00e9, avec plus de 100 exposants locaux et internationaux, m\u00ealant artisanat, gastronomie et \u00e9changes.<\/li>\n\n\n\n<li><strong>La Grande Sc\u00e8ne<\/strong> : d\u00e9di\u00e9e aux musiques africaines et afro-descendantes, avec une programmation o\u00f9 se c\u00f4toient artistes de renomm\u00e9e mondiale et talents \u00e9mergents.<\/li>\n<\/ul>\n\n\n\n<p>Au-del\u00e0 des concerts, le festival abordera des th\u00e9matiques fortes comme les start-ups, l\u2019\u00e9cologie, l\u2019innovation technologique et les investissements \u00e9conomiques, affirmant ainsi que <strong>culture et technologie sont les piliers du d\u00e9veloppement<\/strong>.<\/p>\n\n\n\n<h3 class=\"wp-block-heading\">La Guin\u00e9e \u00e0 l\u2019honneur<\/h3>\n\n\n\n<p>En Guin\u00e9e, <strong>Diabat\u00e9 Bangaly Fod\u00e9<\/strong>, op\u00e9rateur culturel et g\u00e9rant de BF Music, est le d\u00e9l\u00e9gu\u00e9 officiel du festival. Depuis Conakry, il a confirm\u00e9 dans un premier temps, la pr\u00e9sence d\u2019un artiste phare du pays :<\/p>\n\n\n\n<blockquote class=\"wp-block-quote is-layout-flow wp-block-quote-is-layout-flow\">\n<p><em><strong>\u00ab Nous avons d\u00e9j\u00e0 de grands noms comme Didi B, mais du c\u00f4t\u00e9 de la Guin\u00e9e, nous avons la chance d\u2019annoncer pour la premi\u00e8re fois dans un m\u00e9dia la participation de Abraham Sonty plus connu sous le speudo de Koundou Waka. C\u2019est un immense honneur de voir un artiste guin\u00e9en se produire au Parc des Princes. \u00bb<\/strong><\/em><\/p>\n<\/blockquote>\n\n\n\n<p>Le d\u00e9l\u00e9gu\u00e9 pr\u00e9cise \u00e9galement qu\u2019une d\u00e9l\u00e9gation guin\u00e9enne a d\u00e9j\u00e0 rencontr\u00e9 les autorit\u00e9s pour faciliter la collaboration et repr\u00e9senter fi\u00e8rement le pays lors de l\u2019\u00e9v\u00e9nement.<\/p>\n\n\n\n<h3 class=\"wp-block-heading\">Un cadre mythique pour une \u00e9dition historique<\/h3>\n\n\n\n<p>Le choix du Parc des Princes, stade embl\u00e9matique du Paris Saint-Germain et d\u00e9tenteur de la Ligue des Champions, conf\u00e8re un prestige particulier \u00e0 cette 20\u1d49 \u00e9dition.<\/p>\n\n\n\n<blockquote class=\"wp-block-quote is-layout-flow wp-block-quote-is-layout-flow\">\n<p><strong><em>\u00ab Je demande aux Guin\u00e9ens et \u00e0 toute l\u2019Afrique de soutenir cet \u00e9v\u00e9nement en prenant leurs billets. Ce sera une premi\u00e8re pour un artiste comme Koundou Waka de fouler cette sc\u00e8ne, et nous devons en faire un moment inoubliable \u00bb<\/em><\/strong>, a insist\u00e9 Diabat\u00e9 Bangaky Fod\u00e9.<\/p>\n<\/blockquote>\n\n\n\n<p>L\u2019Afrique Festival 2025 promet d\u2019\u00eatre plus qu\u2019un simple \u00e9v\u00e9nement culturel : un symbole d\u2019unit\u00e9, de fiert\u00e9 et de projection vers l\u2019avenir.<\/p>\n\n\n\n<p><strong>Kabinet Cond\u00e9<\/strong><\/p>\n","protected":false},"excerpt":{"rendered":"<p>Les 6 et 7 septembre 2025, le mythique Parc des Princes \u00e0 Paris vibrera aux couleurs et aux rythmes du continent africain \u00e0 l\u2019occasion de la 20\u1d49 \u00e9dition de L\u2019Afrique Festival. Un rendez-vous d\u2019exception qui mettra en lumi\u00e8re l\u2019Afrique contemporaine et ses diasporas, \u00e0 travers la musique, la culture, l\u2019innovation et l\u2019entrepreneuriat. Cr\u00e9\u00e9 en 2003 [&hellip;]<\/p>\n","protected":false},"author":2,"featured_media":1270,"comment_status":"open","ping_status":"open","sticky":false,"template":"","format":"standard","meta":{"footnotes":""},"categories":[1,11],"tags":[],"class_list":["post-1269","post","type-post","status-publish","format-standard","has-post-thumbnail","hentry","category-accueil","category-evenement"],"yoast_head":"<!-- This site is optimized with the Yoast SEO plugin v27.4 - https:\/\/yoast.com\/product\/yoast-seo-wordpress\/ -->\n<title>L\u2019Afrique Festival 20\u1d49 \u00e9dition : Diabat\u00e9 Bangaly Fod\u00e9 d\u00e9taille la pr\u00e9sence guin\u00e9enne \u00e0 ce grand \u00e9v\u00e9nement -<\/title>\n<meta name=\"robots\" content=\"index, follow, max-snippet:-1, max-image-preview:large, max-video-preview:-1\" \/>\n<link rel=\"canonical\" href=\"https:\/\/gabegabe224.com\/?p=1269\" \/>\n<meta property=\"og:locale\" content=\"fr_FR\" \/>\n<meta property=\"og:type\" content=\"article\" \/>\n<meta property=\"og:title\" content=\"L\u2019Afrique Festival 20\u1d49 \u00e9dition : Diabat\u00e9 Bangaly Fod\u00e9 d\u00e9taille la pr\u00e9sence guin\u00e9enne \u00e0 ce grand \u00e9v\u00e9nement -\" \/>\n<meta property=\"og:description\" content=\"Les 6 et 7 septembre 2025, le mythique Parc des Princes \u00e0 Paris vibrera aux couleurs et aux rythmes du continent africain \u00e0 l\u2019occasion de la 20\u1d49 \u00e9dition de L\u2019Afrique Festival. Un rendez-vous d\u2019exception qui mettra en lumi\u00e8re l\u2019Afrique contemporaine et ses diasporas, \u00e0 travers la musique, la culture, l\u2019innovation et l\u2019entrepreneuriat. Cr\u00e9\u00e9 en 2003 [&hellip;]\" \/>\n<meta property=\"og:url\" content=\"https:\/\/gabegabe224.com\/?p=1269\" \/>\n<meta property=\"article:author\" content=\"https:\/\/www.facebook.com\/share\/1BNYrYA2g4\/?mibextid=wwXIfr\" \/>\n<meta property=\"article:published_time\" content=\"2025-08-13T19:42:29+00:00\" \/>\n<meta property=\"article:modified_time\" content=\"2025-08-13T19:45:28+00:00\" \/>\n<meta property=\"og:image\" content=\"https:\/\/gabegabe224.com\/wp-content\/uploads\/2025\/08\/diabate.png\" \/>\n\t<meta property=\"og:image:width\" content=\"800\" \/>\n\t<meta property=\"og:image:height\" content=\"450\" \/>\n\t<meta property=\"og:image:type\" content=\"image\/png\" \/>\n<meta name=\"author\" content=\"Kabinet Conde\" \/>\n<meta name=\"twitter:card\" content=\"summary_large_image\" \/>\n<meta name=\"twitter:label1\" content=\"\u00c9crit par\" \/>\n\t<meta name=\"twitter:data1\" content=\"Kabinet Conde\" \/>\n\t<meta name=\"twitter:label2\" content=\"Dur\u00e9e de lecture estim\u00e9e\" \/>\n\t<meta name=\"twitter:data2\" content=\"2 minutes\" \/>\n<script type=\"application\/ld+json\" class=\"yoast-schema-graph\">{\"@context\":\"https:\\\/\\\/schema.org\",\"@graph\":[{\"@type\":\"Article\",\"@id\":\"https:\\\/\\\/gabegabe224.com\\\/?p=1269#article\",\"isPartOf\":{\"@id\":\"https:\\\/\\\/gabegabe224.com\\\/?p=1269\"},\"author\":{\"name\":\"Kabinet Conde\",\"@id\":\"https:\\\/\\\/gabegabe224.com\\\/#\\\/schema\\\/person\\\/8105b579cfbd3917935604f9bf7edd16\"},\"headline\":\"L\u2019Afrique Festival 20\u1d49 \u00e9dition : Diabat\u00e9 Bangaly Fod\u00e9 d\u00e9taille la pr\u00e9sence guin\u00e9enne \u00e0 ce grand \u00e9v\u00e9nement\",\"datePublished\":\"2025-08-13T19:42:29+00:00\",\"dateModified\":\"2025-08-13T19:45:28+00:00\",\"mainEntityOfPage\":{\"@id\":\"https:\\\/\\\/gabegabe224.com\\\/?p=1269\"},\"wordCount\":484,\"commentCount\":0,\"image\":{\"@id\":\"https:\\\/\\\/gabegabe224.com\\\/?p=1269#primaryimage\"},\"thumbnailUrl\":\"https:\\\/\\\/gabegabe224.com\\\/wp-content\\\/uploads\\\/2025\\\/08\\\/diabate.png\",\"articleSection\":[\"Accueil\",\"Ev\u00e8nement\"],\"inLanguage\":\"fr-FR\",\"potentialAction\":[{\"@type\":\"CommentAction\",\"name\":\"Comment\",\"target\":[\"https:\\\/\\\/gabegabe224.com\\\/?p=1269#respond\"]}]},{\"@type\":\"WebPage\",\"@id\":\"https:\\\/\\\/gabegabe224.com\\\/?p=1269\",\"url\":\"https:\\\/\\\/gabegabe224.com\\\/?p=1269\",\"name\":\"L\u2019Afrique Festival 20\u1d49 \u00e9dition : Diabat\u00e9 Bangaly Fod\u00e9 d\u00e9taille la pr\u00e9sence guin\u00e9enne \u00e0 ce grand \u00e9v\u00e9nement -\",\"isPartOf\":{\"@id\":\"https:\\\/\\\/gabegabe224.com\\\/#website\"},\"primaryImageOfPage\":{\"@id\":\"https:\\\/\\\/gabegabe224.com\\\/?p=1269#primaryimage\"},\"image\":{\"@id\":\"https:\\\/\\\/gabegabe224.com\\\/?p=1269#primaryimage\"},\"thumbnailUrl\":\"https:\\\/\\\/gabegabe224.com\\\/wp-content\\\/uploads\\\/2025\\\/08\\\/diabate.png\",\"datePublished\":\"2025-08-13T19:42:29+00:00\",\"dateModified\":\"2025-08-13T19:45:28+00:00\",\"author\":{\"@id\":\"https:\\\/\\\/gabegabe224.com\\\/#\\\/schema\\\/person\\\/8105b579cfbd3917935604f9bf7edd16\"},\"breadcrumb\":{\"@id\":\"https:\\\/\\\/gabegabe224.com\\\/?p=1269#breadcrumb\"},\"inLanguage\":\"fr-FR\",\"potentialAction\":[{\"@type\":\"ReadAction\",\"target\":[\"https:\\\/\\\/gabegabe224.com\\\/?p=1269\"]}]},{\"@type\":\"ImageObject\",\"inLanguage\":\"fr-FR\",\"@id\":\"https:\\\/\\\/gabegabe224.com\\\/?p=1269#primaryimage\",\"url\":\"https:\\\/\\\/gabegabe224.com\\\/wp-content\\\/uploads\\\/2025\\\/08\\\/diabate.png\",\"contentUrl\":\"https:\\\/\\\/gabegabe224.com\\\/wp-content\\\/uploads\\\/2025\\\/08\\\/diabate.png\",\"width\":800,\"height\":450},{\"@type\":\"BreadcrumbList\",\"@id\":\"https:\\\/\\\/gabegabe224.com\\\/?p=1269#breadcrumb\",\"itemListElement\":[{\"@type\":\"ListItem\",\"position\":1,\"name\":\"Home\",\"item\":\"https:\\\/\\\/gabegabe224.com\\\/\"},{\"@type\":\"ListItem\",\"position\":2,\"name\":\"L\u2019Afrique Festival 20\u1d49 \u00e9dition : Diabat\u00e9 Bangaly Fod\u00e9 d\u00e9taille la pr\u00e9sence guin\u00e9enne \u00e0 ce grand \u00e9v\u00e9nement\"}]},{\"@type\":\"WebSite\",\"@id\":\"https:\\\/\\\/gabegabe224.com\\\/#website\",\"url\":\"https:\\\/\\\/gabegabe224.com\\\/\",\"name\":\"\",\"description\":\"L\u2019information au c\u0153ur du digital\",\"potentialAction\":[{\"@type\":\"SearchAction\",\"target\":{\"@type\":\"EntryPoint\",\"urlTemplate\":\"https:\\\/\\\/gabegabe224.com\\\/?s={search_term_string}\"},\"query-input\":{\"@type\":\"PropertyValueSpecification\",\"valueRequired\":true,\"valueName\":\"search_term_string\"}}],\"inLanguage\":\"fr-FR\"},{\"@type\":\"Person\",\"@id\":\"https:\\\/\\\/gabegabe224.com\\\/#\\\/schema\\\/person\\\/8105b579cfbd3917935604f9bf7edd16\",\"name\":\"Kabinet Conde\",\"image\":{\"@type\":\"ImageObject\",\"inLanguage\":\"fr-FR\",\"@id\":\"https:\\\/\\\/secure.gravatar.com\\\/avatar\\\/32a081a85900638cf698d08343cf679773737b821606e5678df90c5747d5f080?s=96&d=mm&r=g\",\"url\":\"https:\\\/\\\/secure.gravatar.com\\\/avatar\\\/32a081a85900638cf698d08343cf679773737b821606e5678df90c5747d5f080?s=96&d=mm&r=g\",\"contentUrl\":\"https:\\\/\\\/secure.gravatar.com\\\/avatar\\\/32a081a85900638cf698d08343cf679773737b821606e5678df90c5747d5f080?s=96&d=mm&r=g\",\"caption\":\"Kabinet Conde\"},\"sameAs\":[\"https:\\\/\\\/www.facebook.com\\\/share\\\/1BNYrYA2g4\\\/?mibextid=wwXIfr\",\"https:\\\/\\\/www.instagram.com\\\/kabisko_kabisko5?igsh=MXJzb3g3cXp1eGxiYQ&utm_source=qr\"],\"url\":\"https:\\\/\\\/gabegabe224.com\\\/?author=2\"}]}<\/script>\n<!-- \/ Yoast SEO plugin. -->","yoast_head_json":{"title":"L\u2019Afrique Festival 20\u1d49 \u00e9dition : Diabat\u00e9 Bangaly Fod\u00e9 d\u00e9taille la pr\u00e9sence guin\u00e9enne \u00e0 ce grand \u00e9v\u00e9nement -","robots":{"index":"index","follow":"follow","max-snippet":"max-snippet:-1","max-image-preview":"max-image-preview:large","max-video-preview":"max-video-preview:-1"},"canonical":"https:\/\/gabegabe224.com\/?p=1269","og_locale":"fr_FR","og_type":"article","og_title":"L\u2019Afrique Festival 20\u1d49 \u00e9dition : Diabat\u00e9 Bangaly Fod\u00e9 d\u00e9taille la pr\u00e9sence guin\u00e9enne \u00e0 ce grand \u00e9v\u00e9nement -","og_description":"Les 6 et 7 septembre 2025, le mythique Parc des Princes \u00e0 Paris vibrera aux couleurs et aux rythmes du continent africain \u00e0 l\u2019occasion de la 20\u1d49 \u00e9dition de L\u2019Afrique Festival. Un rendez-vous d\u2019exception qui mettra en lumi\u00e8re l\u2019Afrique contemporaine et ses diasporas, \u00e0 travers la musique, la culture, l\u2019innovation et l\u2019entrepreneuriat. Cr\u00e9\u00e9 en 2003 [&hellip;]","og_url":"https:\/\/gabegabe224.com\/?p=1269","article_author":"https:\/\/www.facebook.com\/share\/1BNYrYA2g4\/?mibextid=wwXIfr","article_published_time":"2025-08-13T19:42:29+00:00","article_modified_time":"2025-08-13T19:45:28+00:00","og_image":[{"width":800,"height":450,"url":"https:\/\/gabegabe224.com\/wp-content\/uploads\/2025\/08\/diabate.png","type":"image\/png"}],"author":"Kabinet Conde","twitter_card":"summary_large_image","twitter_misc":{"\u00c9crit par":"Kabinet Conde","Dur\u00e9e de lecture estim\u00e9e":"2 minutes"},"schema":{"@context":"https:\/\/schema.org","@graph":[{"@type":"Article","@id":"https:\/\/gabegabe224.com\/?p=1269#article","isPartOf":{"@id":"https:\/\/gabegabe224.com\/?p=1269"},"author":{"name":"Kabinet Conde","@id":"https:\/\/gabegabe224.com\/#\/schema\/person\/8105b579cfbd3917935604f9bf7edd16"},"headline":"L\u2019Afrique Festival 20\u1d49 \u00e9dition : Diabat\u00e9 Bangaly Fod\u00e9 d\u00e9taille la pr\u00e9sence guin\u00e9enne \u00e0 ce grand \u00e9v\u00e9nement","datePublished":"2025-08-13T19:42:29+00:00","dateModified":"2025-08-13T19:45:28+00:00","mainEntityOfPage":{"@id":"https:\/\/gabegabe224.com\/?p=1269"},"wordCount":484,"commentCount":0,"image":{"@id":"https:\/\/gabegabe224.com\/?p=1269#primaryimage"},"thumbnailUrl":"https:\/\/gabegabe224.com\/wp-content\/uploads\/2025\/08\/diabate.png","articleSection":["Accueil","Ev\u00e8nement"],"inLanguage":"fr-FR","potentialAction":[{"@type":"CommentAction","name":"Comment","target":["https:\/\/gabegabe224.com\/?p=1269#respond"]}]},{"@type":"WebPage","@id":"https:\/\/gabegabe224.com\/?p=1269","url":"https:\/\/gabegabe224.com\/?p=1269","name":"L\u2019Afrique Festival 20\u1d49 \u00e9dition : Diabat\u00e9 Bangaly Fod\u00e9 d\u00e9taille la pr\u00e9sence guin\u00e9enne \u00e0 ce grand \u00e9v\u00e9nement -","isPartOf":{"@id":"https:\/\/gabegabe224.com\/#website"},"primaryImageOfPage":{"@id":"https:\/\/gabegabe224.com\/?p=1269#primaryimage"},"image":{"@id":"https:\/\/gabegabe224.com\/?p=1269#primaryimage"},"thumbnailUrl":"https:\/\/gabegabe224.com\/wp-content\/uploads\/2025\/08\/diabate.png","datePublished":"2025-08-13T19:42:29+00:00","dateModified":"2025-08-13T19:45:28+00:00","author":{"@id":"https:\/\/gabegabe224.com\/#\/schema\/person\/8105b579cfbd3917935604f9bf7edd16"},"breadcrumb":{"@id":"https:\/\/gabegabe224.com\/?p=1269#breadcrumb"},"inLanguage":"fr-FR","potentialAction":[{"@type":"ReadAction","target":["https:\/\/gabegabe224.com\/?p=1269"]}]},{"@type":"ImageObject","inLanguage":"fr-FR","@id":"https:\/\/gabegabe224.com\/?p=1269#primaryimage","url":"https:\/\/gabegabe224.com\/wp-content\/uploads\/2025\/08\/diabate.png","contentUrl":"https:\/\/gabegabe224.com\/wp-content\/uploads\/2025\/08\/diabate.png","width":800,"height":450},{"@type":"BreadcrumbList","@id":"https:\/\/gabegabe224.com\/?p=1269#breadcrumb","itemListElement":[{"@type":"ListItem","position":1,"name":"Home","item":"https:\/\/gabegabe224.com\/"},{"@type":"ListItem","position":2,"name":"L\u2019Afrique Festival 20\u1d49 \u00e9dition : Diabat\u00e9 Bangaly Fod\u00e9 d\u00e9taille la pr\u00e9sence guin\u00e9enne \u00e0 ce grand \u00e9v\u00e9nement"}]},{"@type":"WebSite","@id":"https:\/\/gabegabe224.com\/#website","url":"https:\/\/gabegabe224.com\/","name":"","description":"L\u2019information au c\u0153ur du digital","potentialAction":[{"@type":"SearchAction","target":{"@type":"EntryPoint","urlTemplate":"https:\/\/gabegabe224.com\/?s={search_term_string}"},"query-input":{"@type":"PropertyValueSpecification","valueRequired":true,"valueName":"search_term_string"}}],"inLanguage":"fr-FR"},{"@type":"Person","@id":"https:\/\/gabegabe224.com\/#\/schema\/person\/8105b579cfbd3917935604f9bf7edd16","name":"Kabinet Conde","image":{"@type":"ImageObject","inLanguage":"fr-FR","@id":"https:\/\/secure.gravatar.com\/avatar\/32a081a85900638cf698d08343cf679773737b821606e5678df90c5747d5f080?s=96&d=mm&r=g","url":"https:\/\/secure.gravatar.com\/avatar\/32a081a85900638cf698d08343cf679773737b821606e5678df90c5747d5f080?s=96&d=mm&r=g","contentUrl":"https:\/\/secure.gravatar.com\/avatar\/32a081a85900638cf698d08343cf679773737b821606e5678df90c5747d5f080?s=96&d=mm&r=g","caption":"Kabinet Conde"},"sameAs":["https:\/\/www.facebook.com\/share\/1BNYrYA2g4\/?mibextid=wwXIfr","https:\/\/www.instagram.com\/kabisko_kabisko5?igsh=MXJzb3g3cXp1eGxiYQ&utm_source=qr"],"url":"https:\/\/gabegabe224.com\/?author=2"}]}},"_links":{"self":[{"href":"https:\/\/gabegabe224.com\/index.php?rest_route=\/wp\/v2\/posts\/1269","targetHints":{"allow":["GET"]}}],"collection":[{"href":"https:\/\/gabegabe224.com\/index.php?rest_route=\/wp\/v2\/posts"}],"about":[{"href":"https:\/\/gabegabe224.com\/index.php?rest_route=\/wp\/v2\/types\/post"}],"author":[{"embeddable":true,"href":"https:\/\/gabegabe224.com\/index.php?rest_route=\/wp\/v2\/users\/2"}],"replies":[{"embeddable":true,"href":"https:\/\/gabegabe224.com\/index.php?rest_route=%2Fwp%2Fv2%2Fcomments&post=1269"}],"version-history":[{"count":2,"href":"https:\/\/gabegabe224.com\/index.php?rest_route=\/wp\/v2\/posts\/1269\/revisions"}],"predecessor-version":[{"id":1274,"href":"https:\/\/gabegabe224.com\/index.php?rest_route=\/wp\/v2\/posts\/1269\/revisions\/1274"}],"wp:featuredmedia":[{"embeddable":true,"href":"https:\/\/gabegabe224.com\/index.php?rest_route=\/wp\/v2\/media\/1270"}],"wp:attachment":[{"href":"https:\/\/gabegabe224.com\/index.php?rest_route=%2Fwp%2Fv2%2Fmedia&parent=1269"}],"wp:term":[{"taxonomy":"category","embeddable":true,"href":"https:\/\/gabegabe224.com\/index.php?rest_route=%2Fwp%2Fv2%2Fcategories&post=1269"},{"taxonomy":"post_tag","embeddable":true,"href":"https:\/\/gabegabe224.com\/index.php?rest_route=%2Fwp%2Fv2%2Ftags&post=1269"}],"curies":[{"name":"wp","href":"https:\/\/api.w.org\/{rel}","templated":true}]}}