{"id":1379,"date":"2025-09-01T23:24:53","date_gmt":"2025-09-01T21:24:53","guid":{"rendered":"https:\/\/gabegabe224.com\/?p=1379"},"modified":"2025-09-01T23:24:54","modified_gmt":"2025-09-01T21:24:54","slug":"conakry-accueille-la-1ere-biennale-de-guinee-un-rendez-vous-culturel-et-mondial-inedit","status":"publish","type":"post","link":"https:\/\/gabegabe224.com\/?p=1379","title":{"rendered":"Conakry accueille la 1\u00e8re Biennale de Guin\u00e9e : un rendez-vous culturel et mondial in\u00e9dit"},"content":{"rendered":"\n<p>La capitale guin\u00e9enne s\u2019appr\u00eate \u00e0 vibrer au rythme de la <strong>1\u00e8re \u00e9dition de la Biennale de Guin\u00e9e (#BieGuiP)<\/strong>, qui se tiendra du <strong>7 au 15 novembre 2025<\/strong>. Cet \u00e9v\u00e9nement d\u2019envergure internationale ambitionne de faire de Conakry un v\u00e9ritable carrefour o\u00f9 se croisent <strong>culture, art, tourisme, technologie, sant\u00e9, \u00e9ducation et opportunit\u00e9s d\u2019investissement<\/strong>.<\/p>\n\n\n\n<h3 class=\"wp-block-heading\">Un programme riche et diversifi\u00e9<\/h3>\n\n\n\n<p>Pendant neuf jours, la Biennale de Guin\u00e9e rassemblera :<\/p>\n\n\n\n<ul class=\"wp-block-list\">\n<li><strong>Plus de 100 artistes nationaux et internationaux<\/strong> ;<\/li>\n\n\n\n<li><strong>15 spectacles vivants<\/strong> mettant en lumi\u00e8re la diversit\u00e9 des expressions culturelles ;<\/li>\n\n\n\n<li><strong>7 projections cin\u00e9matographiques<\/strong> ;<\/li>\n\n\n\n<li><strong>8 forums et ateliers<\/strong> autour de th\u00e9matiques vari\u00e9es ;<\/li>\n\n\n\n<li>Des <strong>invit\u00e9s de prestige<\/strong> venus des quatre coins du globe ;<\/li>\n\n\n\n<li>Et surtout, le <strong>tout premier carnaval de Conakry<\/strong>, \u00e9v\u00e9nement festif et symbolique qui marquera les esprits.<\/li>\n<\/ul>\n\n\n\n<h3 class=\"wp-block-heading\">Une vitrine de la richesse guin\u00e9enne<\/h3>\n\n\n\n<p>Avec plus de <strong>1 000 000 de participants attendus<\/strong>, la #BieGuiP s\u2019annonce comme un <strong>rendez-vous historique<\/strong> pour la Guin\u00e9e. Elle sera une vitrine exceptionnelle de ses atouts culturels et \u00e9conomiques, tout en cr\u00e9ant un espace de dialogue et de rencontre entre acteurs locaux et internationaux.<\/p>\n\n\n\n<h3 class=\"wp-block-heading\">Un moment d\u2019unit\u00e9 et d\u2019opportunit\u00e9<\/h3>\n\n\n\n<p>Au-del\u00e0 de la c\u00e9l\u00e9bration artistique, la Biennale veut aussi \u00eatre un <strong>levier de d\u00e9veloppement<\/strong> et un <strong>pont vers le monde<\/strong>, en offrant des opportunit\u00e9s de partenariat dans plusieurs secteurs cl\u00e9s. Elle mettra en avant la cr\u00e9ativit\u00e9, l\u2019innovation et la richesse humaine qui font la singularit\u00e9 de la Guin\u00e9e.<\/p>\n\n\n\n<p>\ud83d\udccc Pour plus d\u2019informations et pour vivre cette aventure culturelle unique, rendez-vous sur : <strong><a href=\"http:\/\/www.bieguip.com?utm_source=chatgpt.com\">www.bieguip.com<\/a><\/strong>.<\/p>\n\n\n\n<figure class=\"wp-block-image size-large\"><img  title=\"\" width=\"1024\" height=\"1024\"   alt=\"Bienale-RS-1024x1024 Conakry accueille la 1\u00e8re Biennale de Guin\u00e9e : un rendez-vous culturel et mondial in\u00e9dit\"  class=\"wp-image-1380 lws-optimize-lazyload\"\/ data-src=\"https:\/\/gabegabe224.com\/wp-content\/uploads\/2025\/09\/Bienale-RS-1024x1024.png\" srcset=\"https:\/\/gabegabe224.com\/wp-content\/uploads\/2025\/09\/Bienale-RS-1024x1024.png 1024w, https:\/\/gabegabe224.com\/wp-content\/uploads\/2025\/09\/Bienale-RS-300x300.png 300w, https:\/\/gabegabe224.com\/wp-content\/uploads\/2025\/09\/Bienale-RS-150x150.png 150w, https:\/\/gabegabe224.com\/wp-content\/uploads\/2025\/09\/Bienale-RS-768x768.png 768w, https:\/\/gabegabe224.com\/wp-content\/uploads\/2025\/09\/Bienale-RS.png 1080w\" sizes=\"(max-width: 1024px) 100vw, 1024px\" \/><\/figure>\n\n\n\n<p><strong>La R\u00e9daction<\/strong><\/p>\n","protected":false},"excerpt":{"rendered":"<p>La capitale guin\u00e9enne s\u2019appr\u00eate \u00e0 vibrer au rythme de la 1\u00e8re \u00e9dition de la Biennale de Guin\u00e9e (#BieGuiP), qui se tiendra du 7 au 15 novembre 2025. Cet \u00e9v\u00e9nement d\u2019envergure internationale ambitionne de faire de Conakry un v\u00e9ritable carrefour o\u00f9 se croisent culture, art, tourisme, technologie, sant\u00e9, \u00e9ducation et opportunit\u00e9s d\u2019investissement. Un programme riche et [&hellip;]<\/p>\n","protected":false},"author":2,"featured_media":1381,"comment_status":"open","ping_status":"open","sticky":false,"template":"","format":"standard","meta":{"footnotes":""},"categories":[1,11],"tags":[],"class_list":["post-1379","post","type-post","status-publish","format-standard","has-post-thumbnail","hentry","category-accueil","category-evenement"],"yoast_head":"<!-- This site is optimized with the Yoast SEO plugin v27.5 - https:\/\/yoast.com\/product\/yoast-seo-wordpress\/ -->\n<title>Conakry accueille la 1\u00e8re Biennale de Guin\u00e9e : un rendez-vous culturel et mondial in\u00e9dit -<\/title>\n<meta name=\"robots\" content=\"index, follow, max-snippet:-1, max-image-preview:large, max-video-preview:-1\" \/>\n<link rel=\"canonical\" href=\"https:\/\/gabegabe224.com\/?p=1379\" \/>\n<meta property=\"og:locale\" content=\"fr_FR\" \/>\n<meta property=\"og:type\" content=\"article\" \/>\n<meta property=\"og:title\" content=\"Conakry accueille la 1\u00e8re Biennale de Guin\u00e9e : un rendez-vous culturel et mondial in\u00e9dit -\" \/>\n<meta property=\"og:description\" content=\"La capitale guin\u00e9enne s\u2019appr\u00eate \u00e0 vibrer au rythme de la 1\u00e8re \u00e9dition de la Biennale de Guin\u00e9e (#BieGuiP), qui se tiendra du 7 au 15 novembre 2025. Cet \u00e9v\u00e9nement d\u2019envergure internationale ambitionne de faire de Conakry un v\u00e9ritable carrefour o\u00f9 se croisent culture, art, tourisme, technologie, sant\u00e9, \u00e9ducation et opportunit\u00e9s d\u2019investissement. Un programme riche et [&hellip;]\" \/>\n<meta property=\"og:url\" content=\"https:\/\/gabegabe224.com\/?p=1379\" \/>\n<meta property=\"article:author\" content=\"https:\/\/www.facebook.com\/share\/1BNYrYA2g4\/?mibextid=wwXIfr\" \/>\n<meta property=\"article:published_time\" content=\"2025-09-01T21:24:53+00:00\" \/>\n<meta property=\"article:modified_time\" content=\"2025-09-01T21:24:54+00:00\" \/>\n<meta property=\"og:image\" content=\"https:\/\/gabegabe224.com\/wp-content\/uploads\/2025\/09\/bieguip.png\" \/>\n\t<meta property=\"og:image:width\" content=\"800\" \/>\n\t<meta property=\"og:image:height\" content=\"450\" \/>\n\t<meta property=\"og:image:type\" content=\"image\/png\" \/>\n<meta name=\"author\" content=\"Kabinet Conde\" \/>\n<meta name=\"twitter:card\" content=\"summary_large_image\" \/>\n<meta name=\"twitter:label1\" content=\"\u00c9crit par\" \/>\n\t<meta name=\"twitter:data1\" content=\"Kabinet Conde\" \/>\n\t<meta name=\"twitter:label2\" content=\"Dur\u00e9e de lecture estim\u00e9e\" \/>\n\t<meta name=\"twitter:data2\" content=\"2 minutes\" \/>\n<script type=\"application\/ld+json\" class=\"yoast-schema-graph\">{\"@context\":\"https:\\\/\\\/schema.org\",\"@graph\":[{\"@type\":\"Article\",\"@id\":\"https:\\\/\\\/gabegabe224.com\\\/?p=1379#article\",\"isPartOf\":{\"@id\":\"https:\\\/\\\/gabegabe224.com\\\/?p=1379\"},\"author\":{\"name\":\"Kabinet Conde\",\"@id\":\"https:\\\/\\\/gabegabe224.com\\\/#\\\/schema\\\/person\\\/8105b579cfbd3917935604f9bf7edd16\"},\"headline\":\"Conakry accueille la 1\u00e8re Biennale de Guin\u00e9e : un rendez-vous culturel et mondial in\u00e9dit\",\"datePublished\":\"2025-09-01T21:24:53+00:00\",\"dateModified\":\"2025-09-01T21:24:54+00:00\",\"mainEntityOfPage\":{\"@id\":\"https:\\\/\\\/gabegabe224.com\\\/?p=1379\"},\"wordCount\":276,\"commentCount\":0,\"image\":{\"@id\":\"https:\\\/\\\/gabegabe224.com\\\/?p=1379#primaryimage\"},\"thumbnailUrl\":\"https:\\\/\\\/gabegabe224.com\\\/wp-content\\\/uploads\\\/2025\\\/09\\\/bieguip.png\",\"articleSection\":[\"Accueil\",\"Ev\u00e8nement\"],\"inLanguage\":\"fr-FR\",\"potentialAction\":[{\"@type\":\"CommentAction\",\"name\":\"Comment\",\"target\":[\"https:\\\/\\\/gabegabe224.com\\\/?p=1379#respond\"]}]},{\"@type\":\"WebPage\",\"@id\":\"https:\\\/\\\/gabegabe224.com\\\/?p=1379\",\"url\":\"https:\\\/\\\/gabegabe224.com\\\/?p=1379\",\"name\":\"Conakry accueille la 1\u00e8re Biennale de Guin\u00e9e : un rendez-vous culturel et mondial in\u00e9dit -\",\"isPartOf\":{\"@id\":\"https:\\\/\\\/gabegabe224.com\\\/#website\"},\"primaryImageOfPage\":{\"@id\":\"https:\\\/\\\/gabegabe224.com\\\/?p=1379#primaryimage\"},\"image\":{\"@id\":\"https:\\\/\\\/gabegabe224.com\\\/?p=1379#primaryimage\"},\"thumbnailUrl\":\"https:\\\/\\\/gabegabe224.com\\\/wp-content\\\/uploads\\\/2025\\\/09\\\/bieguip.png\",\"datePublished\":\"2025-09-01T21:24:53+00:00\",\"dateModified\":\"2025-09-01T21:24:54+00:00\",\"author\":{\"@id\":\"https:\\\/\\\/gabegabe224.com\\\/#\\\/schema\\\/person\\\/8105b579cfbd3917935604f9bf7edd16\"},\"breadcrumb\":{\"@id\":\"https:\\\/\\\/gabegabe224.com\\\/?p=1379#breadcrumb\"},\"inLanguage\":\"fr-FR\",\"potentialAction\":[{\"@type\":\"ReadAction\",\"target\":[\"https:\\\/\\\/gabegabe224.com\\\/?p=1379\"]}]},{\"@type\":\"ImageObject\",\"inLanguage\":\"fr-FR\",\"@id\":\"https:\\\/\\\/gabegabe224.com\\\/?p=1379#primaryimage\",\"url\":\"https:\\\/\\\/gabegabe224.com\\\/wp-content\\\/uploads\\\/2025\\\/09\\\/bieguip.png\",\"contentUrl\":\"https:\\\/\\\/gabegabe224.com\\\/wp-content\\\/uploads\\\/2025\\\/09\\\/bieguip.png\",\"width\":800,\"height\":450},{\"@type\":\"BreadcrumbList\",\"@id\":\"https:\\\/\\\/gabegabe224.com\\\/?p=1379#breadcrumb\",\"itemListElement\":[{\"@type\":\"ListItem\",\"position\":1,\"name\":\"Home\",\"item\":\"https:\\\/\\\/gabegabe224.com\\\/\"},{\"@type\":\"ListItem\",\"position\":2,\"name\":\"Conakry accueille la 1\u00e8re Biennale de Guin\u00e9e : un rendez-vous culturel et mondial in\u00e9dit\"}]},{\"@type\":\"WebSite\",\"@id\":\"https:\\\/\\\/gabegabe224.com\\\/#website\",\"url\":\"https:\\\/\\\/gabegabe224.com\\\/\",\"name\":\"\",\"description\":\"L\u2019information au c\u0153ur du digital\",\"potentialAction\":[{\"@type\":\"SearchAction\",\"target\":{\"@type\":\"EntryPoint\",\"urlTemplate\":\"https:\\\/\\\/gabegabe224.com\\\/?s={search_term_string}\"},\"query-input\":{\"@type\":\"PropertyValueSpecification\",\"valueRequired\":true,\"valueName\":\"search_term_string\"}}],\"inLanguage\":\"fr-FR\"},{\"@type\":\"Person\",\"@id\":\"https:\\\/\\\/gabegabe224.com\\\/#\\\/schema\\\/person\\\/8105b579cfbd3917935604f9bf7edd16\",\"name\":\"Kabinet Conde\",\"image\":{\"@type\":\"ImageObject\",\"inLanguage\":\"fr-FR\",\"@id\":\"https:\\\/\\\/secure.gravatar.com\\\/avatar\\\/32a081a85900638cf698d08343cf679773737b821606e5678df90c5747d5f080?s=96&d=mm&r=g\",\"url\":\"https:\\\/\\\/secure.gravatar.com\\\/avatar\\\/32a081a85900638cf698d08343cf679773737b821606e5678df90c5747d5f080?s=96&d=mm&r=g\",\"contentUrl\":\"https:\\\/\\\/secure.gravatar.com\\\/avatar\\\/32a081a85900638cf698d08343cf679773737b821606e5678df90c5747d5f080?s=96&d=mm&r=g\",\"caption\":\"Kabinet Conde\"},\"sameAs\":[\"https:\\\/\\\/www.facebook.com\\\/share\\\/1BNYrYA2g4\\\/?mibextid=wwXIfr\",\"https:\\\/\\\/www.instagram.com\\\/kabisko_kabisko5?igsh=MXJzb3g3cXp1eGxiYQ&utm_source=qr\"],\"url\":\"https:\\\/\\\/gabegabe224.com\\\/?author=2\"}]}<\/script>\n<!-- \/ Yoast SEO plugin. -->","yoast_head_json":{"title":"Conakry accueille la 1\u00e8re Biennale de Guin\u00e9e : un rendez-vous culturel et mondial in\u00e9dit -","robots":{"index":"index","follow":"follow","max-snippet":"max-snippet:-1","max-image-preview":"max-image-preview:large","max-video-preview":"max-video-preview:-1"},"canonical":"https:\/\/gabegabe224.com\/?p=1379","og_locale":"fr_FR","og_type":"article","og_title":"Conakry accueille la 1\u00e8re Biennale de Guin\u00e9e : un rendez-vous culturel et mondial in\u00e9dit -","og_description":"La capitale guin\u00e9enne s\u2019appr\u00eate \u00e0 vibrer au rythme de la 1\u00e8re \u00e9dition de la Biennale de Guin\u00e9e (#BieGuiP), qui se tiendra du 7 au 15 novembre 2025. Cet \u00e9v\u00e9nement d\u2019envergure internationale ambitionne de faire de Conakry un v\u00e9ritable carrefour o\u00f9 se croisent culture, art, tourisme, technologie, sant\u00e9, \u00e9ducation et opportunit\u00e9s d\u2019investissement. Un programme riche et [&hellip;]","og_url":"https:\/\/gabegabe224.com\/?p=1379","article_author":"https:\/\/www.facebook.com\/share\/1BNYrYA2g4\/?mibextid=wwXIfr","article_published_time":"2025-09-01T21:24:53+00:00","article_modified_time":"2025-09-01T21:24:54+00:00","og_image":[{"width":800,"height":450,"url":"https:\/\/gabegabe224.com\/wp-content\/uploads\/2025\/09\/bieguip.png","type":"image\/png"}],"author":"Kabinet Conde","twitter_card":"summary_large_image","twitter_misc":{"\u00c9crit par":"Kabinet Conde","Dur\u00e9e de lecture estim\u00e9e":"2 minutes"},"schema":{"@context":"https:\/\/schema.org","@graph":[{"@type":"Article","@id":"https:\/\/gabegabe224.com\/?p=1379#article","isPartOf":{"@id":"https:\/\/gabegabe224.com\/?p=1379"},"author":{"name":"Kabinet Conde","@id":"https:\/\/gabegabe224.com\/#\/schema\/person\/8105b579cfbd3917935604f9bf7edd16"},"headline":"Conakry accueille la 1\u00e8re Biennale de Guin\u00e9e : un rendez-vous culturel et mondial in\u00e9dit","datePublished":"2025-09-01T21:24:53+00:00","dateModified":"2025-09-01T21:24:54+00:00","mainEntityOfPage":{"@id":"https:\/\/gabegabe224.com\/?p=1379"},"wordCount":276,"commentCount":0,"image":{"@id":"https:\/\/gabegabe224.com\/?p=1379#primaryimage"},"thumbnailUrl":"https:\/\/gabegabe224.com\/wp-content\/uploads\/2025\/09\/bieguip.png","articleSection":["Accueil","Ev\u00e8nement"],"inLanguage":"fr-FR","potentialAction":[{"@type":"CommentAction","name":"Comment","target":["https:\/\/gabegabe224.com\/?p=1379#respond"]}]},{"@type":"WebPage","@id":"https:\/\/gabegabe224.com\/?p=1379","url":"https:\/\/gabegabe224.com\/?p=1379","name":"Conakry accueille la 1\u00e8re Biennale de Guin\u00e9e : un rendez-vous culturel et mondial in\u00e9dit -","isPartOf":{"@id":"https:\/\/gabegabe224.com\/#website"},"primaryImageOfPage":{"@id":"https:\/\/gabegabe224.com\/?p=1379#primaryimage"},"image":{"@id":"https:\/\/gabegabe224.com\/?p=1379#primaryimage"},"thumbnailUrl":"https:\/\/gabegabe224.com\/wp-content\/uploads\/2025\/09\/bieguip.png","datePublished":"2025-09-01T21:24:53+00:00","dateModified":"2025-09-01T21:24:54+00:00","author":{"@id":"https:\/\/gabegabe224.com\/#\/schema\/person\/8105b579cfbd3917935604f9bf7edd16"},"breadcrumb":{"@id":"https:\/\/gabegabe224.com\/?p=1379#breadcrumb"},"inLanguage":"fr-FR","potentialAction":[{"@type":"ReadAction","target":["https:\/\/gabegabe224.com\/?p=1379"]}]},{"@type":"ImageObject","inLanguage":"fr-FR","@id":"https:\/\/gabegabe224.com\/?p=1379#primaryimage","url":"https:\/\/gabegabe224.com\/wp-content\/uploads\/2025\/09\/bieguip.png","contentUrl":"https:\/\/gabegabe224.com\/wp-content\/uploads\/2025\/09\/bieguip.png","width":800,"height":450},{"@type":"BreadcrumbList","@id":"https:\/\/gabegabe224.com\/?p=1379#breadcrumb","itemListElement":[{"@type":"ListItem","position":1,"name":"Home","item":"https:\/\/gabegabe224.com\/"},{"@type":"ListItem","position":2,"name":"Conakry accueille la 1\u00e8re Biennale de Guin\u00e9e : un rendez-vous culturel et mondial in\u00e9dit"}]},{"@type":"WebSite","@id":"https:\/\/gabegabe224.com\/#website","url":"https:\/\/gabegabe224.com\/","name":"","description":"L\u2019information au c\u0153ur du digital","potentialAction":[{"@type":"SearchAction","target":{"@type":"EntryPoint","urlTemplate":"https:\/\/gabegabe224.com\/?s={search_term_string}"},"query-input":{"@type":"PropertyValueSpecification","valueRequired":true,"valueName":"search_term_string"}}],"inLanguage":"fr-FR"},{"@type":"Person","@id":"https:\/\/gabegabe224.com\/#\/schema\/person\/8105b579cfbd3917935604f9bf7edd16","name":"Kabinet Conde","image":{"@type":"ImageObject","inLanguage":"fr-FR","@id":"https:\/\/secure.gravatar.com\/avatar\/32a081a85900638cf698d08343cf679773737b821606e5678df90c5747d5f080?s=96&d=mm&r=g","url":"https:\/\/secure.gravatar.com\/avatar\/32a081a85900638cf698d08343cf679773737b821606e5678df90c5747d5f080?s=96&d=mm&r=g","contentUrl":"https:\/\/secure.gravatar.com\/avatar\/32a081a85900638cf698d08343cf679773737b821606e5678df90c5747d5f080?s=96&d=mm&r=g","caption":"Kabinet Conde"},"sameAs":["https:\/\/www.facebook.com\/share\/1BNYrYA2g4\/?mibextid=wwXIfr","https:\/\/www.instagram.com\/kabisko_kabisko5?igsh=MXJzb3g3cXp1eGxiYQ&utm_source=qr"],"url":"https:\/\/gabegabe224.com\/?author=2"}]}},"_links":{"self":[{"href":"https:\/\/gabegabe224.com\/index.php?rest_route=\/wp\/v2\/posts\/1379","targetHints":{"allow":["GET"]}}],"collection":[{"href":"https:\/\/gabegabe224.com\/index.php?rest_route=\/wp\/v2\/posts"}],"about":[{"href":"https:\/\/gabegabe224.com\/index.php?rest_route=\/wp\/v2\/types\/post"}],"author":[{"embeddable":true,"href":"https:\/\/gabegabe224.com\/index.php?rest_route=\/wp\/v2\/users\/2"}],"replies":[{"embeddable":true,"href":"https:\/\/gabegabe224.com\/index.php?rest_route=%2Fwp%2Fv2%2Fcomments&post=1379"}],"version-history":[{"count":1,"href":"https:\/\/gabegabe224.com\/index.php?rest_route=\/wp\/v2\/posts\/1379\/revisions"}],"predecessor-version":[{"id":1382,"href":"https:\/\/gabegabe224.com\/index.php?rest_route=\/wp\/v2\/posts\/1379\/revisions\/1382"}],"wp:featuredmedia":[{"embeddable":true,"href":"https:\/\/gabegabe224.com\/index.php?rest_route=\/wp\/v2\/media\/1381"}],"wp:attachment":[{"href":"https:\/\/gabegabe224.com\/index.php?rest_route=%2Fwp%2Fv2%2Fmedia&parent=1379"}],"wp:term":[{"taxonomy":"category","embeddable":true,"href":"https:\/\/gabegabe224.com\/index.php?rest_route=%2Fwp%2Fv2%2Fcategories&post=1379"},{"taxonomy":"post_tag","embeddable":true,"href":"https:\/\/gabegabe224.com\/index.php?rest_route=%2Fwp%2Fv2%2Ftags&post=1379"}],"curies":[{"name":"wp","href":"https:\/\/api.w.org\/{rel}","templated":true}]}}