{"id":1497,"date":"2025-10-01T12:38:51","date_gmt":"2025-10-01T10:38:51","guid":{"rendered":"https:\/\/gabegabe224.com\/?p=1497"},"modified":"2025-10-01T12:38:53","modified_gmt":"2025-10-01T10:38:53","slug":"moussa-moise-sylla-expose-la-vision-culturelle-de-la-guinee-a-barcelone","status":"publish","type":"post","link":"https:\/\/gabegabe224.com\/?p=1497","title":{"rendered":"Moussa Mo\u00efse Sylla expose la vision culturelle de la Guin\u00e9e \u00e0 Barcelone"},"content":{"rendered":"\n<p>La Guin\u00e9e a marqu\u00e9 sa pr\u00e9sence \u00e0 <strong>MondialCult 2025, la conf\u00e9rence mondiale de l\u2019UNESCO<\/strong> consacr\u00e9e aux politiques culturelles, organis\u00e9e cette ann\u00e9e \u00e0 Barcelone.<br>Au nom du <strong>Chef de l\u2019\u00c9tat, le G\u00e9n\u00e9ral de corps d\u2019arm\u00e9e Mamadi Doumbouya, le ministre de la Culture et de l\u2019Artisanat, Moussa Mo\u00efse Sylla,<\/strong> a port\u00e9 la voix de la Guin\u00e9e \u00e0 travers deux th\u00e9matiques centrales : \u00ab Culture et \u00c9ducation \u00bb et \u00ab Culture et Paix \u00bb.<\/p>\n\n\n\n<figure class=\"wp-block-image size-large\"><img  title=\"\" width=\"1024\" height=\"683\"   alt=\"557978312_1108903898094202_7343386915233132168_n-1024x683 Moussa Mo\u00efse Sylla expose la vision culturelle de la Guin\u00e9e \u00e0 Barcelone\"  class=\"wp-image-1499 lws-optimize-lazyload\"\/ data-src=\"https:\/\/gabegabe224.com\/wp-content\/uploads\/2025\/10\/557978312_1108903898094202_7343386915233132168_n-1024x683.jpg\" srcset=\"https:\/\/gabegabe224.com\/wp-content\/uploads\/2025\/10\/557978312_1108903898094202_7343386915233132168_n-1024x683.jpg 1024w, https:\/\/gabegabe224.com\/wp-content\/uploads\/2025\/10\/557978312_1108903898094202_7343386915233132168_n-300x200.jpg 300w, https:\/\/gabegabe224.com\/wp-content\/uploads\/2025\/10\/557978312_1108903898094202_7343386915233132168_n-768x512.jpg 768w, https:\/\/gabegabe224.com\/wp-content\/uploads\/2025\/10\/557978312_1108903898094202_7343386915233132168_n-1536x1025.jpg 1536w, https:\/\/gabegabe224.com\/wp-content\/uploads\/2025\/10\/557978312_1108903898094202_7343386915233132168_n.jpg 2048w\" sizes=\"(max-width: 1024px) 100vw, 1024px\" \/><\/figure>\n\n\n\n<p>Culture et \u00e9ducation, un socle pour le d\u00e9veloppement<\/p>\n\n\n\n<p>Dans son allocution, le ministre a soulign\u00e9 que la Guin\u00e9e place la culture et l\u2019\u00e9ducation au c\u0153ur de sa strat\u00e9gie de d\u00e9veloppement. Il a notamment cit\u00e9 le programme Simandou 2040, qui pr\u00e9voit d\u2019orienter une partie des revenus issus du plus grand projet minier du pays vers ces deux secteurs jug\u00e9s prioritaires.<\/p>\n\n\n\n<p><strong><em>\u00ab L\u2019\u00e9ducation et la culture sont pour nous des priorit\u00e9s nationales, car elles constituent la base d\u2019une soci\u00e9t\u00e9 pacifique et prosp\u00e8re \u00bb<\/em><\/strong>, a d\u00e9clar\u00e9 Moussa Mo\u00efse Sylla.<br>Le ministre a \u00e9galement insist\u00e9 sur l\u2019importance des savoirs endog\u00e8nes, transmis au-del\u00e0 du cadre scolaire, et qui participent \u00e0 la coh\u00e9sion sociale ainsi qu\u2019\u00e0 la pr\u00e9vention des conflits.<\/p>\n\n\n\n<p>Les pratiques culturelles comme instruments de paix<\/p>\n\n\n\n<p>Abordant la relation entre culture et paix, il a mis en avant le r\u00f4le des manifestations populaires telles que les kermesses culturelles, per\u00e7ues en Guin\u00e9e comme des espaces de rencontre et de dialogue intercommunautaire.<br>Il a rappel\u00e9 l\u2019anciennet\u00e9 des m\u00e9canismes traditionnels de r\u00e8glement des conflits dans le pays, citant notamment les pactes de Misadou (Beyla, XVII\u1d49 si\u00e8cle) et de Mara (Kissidougou, XIX\u1d49 si\u00e8cle), qui ont favoris\u00e9 la coh\u00e9sion sociale \u00e0 l\u2019\u00e9chelle locale.<\/p>\n\n\n\n<figure class=\"wp-block-image size-large\"><img  title=\"\" width=\"1024\" height=\"683\"   alt=\"555757251_1108905738094018_9038714902284698244_n-1024x683 Moussa Mo\u00efse Sylla expose la vision culturelle de la Guin\u00e9e \u00e0 Barcelone\"  class=\"wp-image-1500 lws-optimize-lazyload\"\/ data-src=\"https:\/\/gabegabe224.com\/wp-content\/uploads\/2025\/10\/555757251_1108905738094018_9038714902284698244_n-1024x683.jpg\" srcset=\"https:\/\/gabegabe224.com\/wp-content\/uploads\/2025\/10\/555757251_1108905738094018_9038714902284698244_n-1024x683.jpg 1024w, https:\/\/gabegabe224.com\/wp-content\/uploads\/2025\/10\/555757251_1108905738094018_9038714902284698244_n-300x200.jpg 300w, https:\/\/gabegabe224.com\/wp-content\/uploads\/2025\/10\/555757251_1108905738094018_9038714902284698244_n-768x512.jpg 768w, https:\/\/gabegabe224.com\/wp-content\/uploads\/2025\/10\/555757251_1108905738094018_9038714902284698244_n-1536x1025.jpg 1536w, https:\/\/gabegabe224.com\/wp-content\/uploads\/2025\/10\/555757251_1108905738094018_9038714902284698244_n.jpg 2048w\" sizes=\"(max-width: 1024px) 100vw, 1024px\" \/><\/figure>\n\n\n\n<p>Sur le plan r\u00e9gional, il a \u00e9voqu\u00e9 les pactes transfrontaliers de Gb\u00e8l\u00e8ye et de Koindou, conclus entre communaut\u00e9s de Guin\u00e9e, du Liberia, de Sierra Leone et de C\u00f4te d\u2019Ivoire, et qui ont permis de pr\u00e9venir des affrontements bien avant l\u2019ind\u00e9pendance.<\/p>\n\n\n\n<figure class=\"wp-block-image size-large\"><img  title=\"\" width=\"1024\" height=\"683\"   alt=\"557549415_1108909304760328_247087523930280109_n-1024x683 Moussa Mo\u00efse Sylla expose la vision culturelle de la Guin\u00e9e \u00e0 Barcelone\"  class=\"wp-image-1501 lws-optimize-lazyload\"\/ data-src=\"https:\/\/gabegabe224.com\/wp-content\/uploads\/2025\/10\/557549415_1108909304760328_247087523930280109_n-1024x683.jpg\" srcset=\"https:\/\/gabegabe224.com\/wp-content\/uploads\/2025\/10\/557549415_1108909304760328_247087523930280109_n-1024x683.jpg 1024w, https:\/\/gabegabe224.com\/wp-content\/uploads\/2025\/10\/557549415_1108909304760328_247087523930280109_n-300x200.jpg 300w, https:\/\/gabegabe224.com\/wp-content\/uploads\/2025\/10\/557549415_1108909304760328_247087523930280109_n-768x512.jpg 768w, https:\/\/gabegabe224.com\/wp-content\/uploads\/2025\/10\/557549415_1108909304760328_247087523930280109_n-1536x1025.jpg 1536w, https:\/\/gabegabe224.com\/wp-content\/uploads\/2025\/10\/557549415_1108909304760328_247087523930280109_n.jpg 2048w\" sizes=\"(max-width: 1024px) 100vw, 1024px\" \/><\/figure>\n\n\n\n<p>H\u00e9ritages endog\u00e8nes et vision pour l\u2019avenir<\/p>\n\n\n\n<p>Moussa Mo\u00efse Sylla a appel\u00e9 \u00e0 recenser et valoriser ces m\u00e9canismes culturels comme outils efficaces de pr\u00e9vention des conflits en Afrique de l\u2019Ouest.<br><strong><em>\u00ab La paix ne se d\u00e9cr\u00e8te pas, on ne l\u2019a pas \u00e0 la commande non plus. Elle se construit \u00e0 partir des r\u00e9alit\u00e9s propres \u00e0 chaque peuple \u00bb<\/em><\/strong>, a-t-il affirm\u00e9 en conclusion.<\/p>\n\n\n\n<p>La Guin\u00e9e, un acteur engag\u00e9 sur la sc\u00e8ne culturelle internationale<\/p>\n\n\n\n<p>Avec cette intervention, la Guin\u00e9e a r\u00e9affirm\u00e9 son attachement \u00e0 la culture comme vecteur de d\u00e9veloppement et de paix, tout en mettant en avant la richesse de son patrimoine et de ses pratiques sociales. Sa participation \u00e0 <strong>MondialCult 2025<\/strong> illustre la volont\u00e9 du pays de prendre part activement aux r\u00e9flexions mondiales sur les politiques culturelles et de partager son exp\u00e9rience avec la communaut\u00e9 internationale.<\/p>\n\n\n\n<p><strong>La R\u00e9daction<\/strong><\/p>\n","protected":false},"excerpt":{"rendered":"<p>La Guin\u00e9e a marqu\u00e9 sa pr\u00e9sence \u00e0 MondialCult 2025, la conf\u00e9rence mondiale de l\u2019UNESCO consacr\u00e9e aux politiques culturelles, organis\u00e9e cette ann\u00e9e \u00e0 Barcelone.Au nom du Chef de l\u2019\u00c9tat, le G\u00e9n\u00e9ral de corps d\u2019arm\u00e9e Mamadi Doumbouya, le ministre de la Culture et de l\u2019Artisanat, Moussa Mo\u00efse Sylla, a port\u00e9 la voix de la Guin\u00e9e \u00e0 travers [&hellip;]<\/p>\n","protected":false},"author":2,"featured_media":1498,"comment_status":"open","ping_status":"open","sticky":false,"template":"","format":"standard","meta":{"footnotes":""},"categories":[1,4],"tags":[],"class_list":["post-1497","post","type-post","status-publish","format-standard","has-post-thumbnail","hentry","category-accueil","category-culture"],"yoast_head":"<!-- This site is optimized with the Yoast SEO plugin v27.4 - https:\/\/yoast.com\/product\/yoast-seo-wordpress\/ -->\n<title>Moussa Mo\u00efse Sylla expose la vision culturelle de la Guin\u00e9e \u00e0 Barcelone -<\/title>\n<meta name=\"robots\" content=\"index, follow, max-snippet:-1, max-image-preview:large, max-video-preview:-1\" \/>\n<link rel=\"canonical\" href=\"https:\/\/gabegabe224.com\/?p=1497\" \/>\n<meta property=\"og:locale\" content=\"fr_FR\" \/>\n<meta property=\"og:type\" content=\"article\" \/>\n<meta property=\"og:title\" content=\"Moussa Mo\u00efse Sylla expose la vision culturelle de la Guin\u00e9e \u00e0 Barcelone -\" \/>\n<meta property=\"og:description\" content=\"La Guin\u00e9e a marqu\u00e9 sa pr\u00e9sence \u00e0 MondialCult 2025, la conf\u00e9rence mondiale de l\u2019UNESCO consacr\u00e9e aux politiques culturelles, organis\u00e9e cette ann\u00e9e \u00e0 Barcelone.Au nom du Chef de l\u2019\u00c9tat, le G\u00e9n\u00e9ral de corps d\u2019arm\u00e9e Mamadi Doumbouya, le ministre de la Culture et de l\u2019Artisanat, Moussa Mo\u00efse Sylla, a port\u00e9 la voix de la Guin\u00e9e \u00e0 travers [&hellip;]\" \/>\n<meta property=\"og:url\" content=\"https:\/\/gabegabe224.com\/?p=1497\" \/>\n<meta property=\"article:author\" content=\"https:\/\/www.facebook.com\/share\/1BNYrYA2g4\/?mibextid=wwXIfr\" \/>\n<meta property=\"article:published_time\" content=\"2025-10-01T10:38:51+00:00\" \/>\n<meta property=\"article:modified_time\" content=\"2025-10-01T10:38:53+00:00\" \/>\n<meta property=\"og:image\" content=\"https:\/\/gabegabe224.com\/wp-content\/uploads\/2025\/10\/moisee.png\" \/>\n\t<meta property=\"og:image:width\" content=\"800\" \/>\n\t<meta property=\"og:image:height\" content=\"450\" \/>\n\t<meta property=\"og:image:type\" content=\"image\/png\" \/>\n<meta name=\"author\" content=\"Kabinet Conde\" \/>\n<meta name=\"twitter:card\" content=\"summary_large_image\" \/>\n<meta name=\"twitter:label1\" content=\"\u00c9crit par\" \/>\n\t<meta name=\"twitter:data1\" content=\"Kabinet Conde\" \/>\n\t<meta name=\"twitter:label2\" content=\"Dur\u00e9e de lecture estim\u00e9e\" \/>\n\t<meta name=\"twitter:data2\" content=\"4 minutes\" \/>\n<script type=\"application\/ld+json\" class=\"yoast-schema-graph\">{\"@context\":\"https:\\\/\\\/schema.org\",\"@graph\":[{\"@type\":\"Article\",\"@id\":\"https:\\\/\\\/gabegabe224.com\\\/?p=1497#article\",\"isPartOf\":{\"@id\":\"https:\\\/\\\/gabegabe224.com\\\/?p=1497\"},\"author\":{\"name\":\"Kabinet Conde\",\"@id\":\"https:\\\/\\\/gabegabe224.com\\\/#\\\/schema\\\/person\\\/8105b579cfbd3917935604f9bf7edd16\"},\"headline\":\"Moussa Mo\u00efse Sylla expose la vision culturelle de la Guin\u00e9e \u00e0 Barcelone\",\"datePublished\":\"2025-10-01T10:38:51+00:00\",\"dateModified\":\"2025-10-01T10:38:53+00:00\",\"mainEntityOfPage\":{\"@id\":\"https:\\\/\\\/gabegabe224.com\\\/?p=1497\"},\"wordCount\":507,\"commentCount\":0,\"image\":{\"@id\":\"https:\\\/\\\/gabegabe224.com\\\/?p=1497#primaryimage\"},\"thumbnailUrl\":\"https:\\\/\\\/gabegabe224.com\\\/wp-content\\\/uploads\\\/2025\\\/10\\\/moisee.png\",\"articleSection\":[\"Accueil\",\"Culture\"],\"inLanguage\":\"fr-FR\",\"potentialAction\":[{\"@type\":\"CommentAction\",\"name\":\"Comment\",\"target\":[\"https:\\\/\\\/gabegabe224.com\\\/?p=1497#respond\"]}]},{\"@type\":\"WebPage\",\"@id\":\"https:\\\/\\\/gabegabe224.com\\\/?p=1497\",\"url\":\"https:\\\/\\\/gabegabe224.com\\\/?p=1497\",\"name\":\"Moussa Mo\u00efse Sylla expose la vision culturelle de la Guin\u00e9e \u00e0 Barcelone -\",\"isPartOf\":{\"@id\":\"https:\\\/\\\/gabegabe224.com\\\/#website\"},\"primaryImageOfPage\":{\"@id\":\"https:\\\/\\\/gabegabe224.com\\\/?p=1497#primaryimage\"},\"image\":{\"@id\":\"https:\\\/\\\/gabegabe224.com\\\/?p=1497#primaryimage\"},\"thumbnailUrl\":\"https:\\\/\\\/gabegabe224.com\\\/wp-content\\\/uploads\\\/2025\\\/10\\\/moisee.png\",\"datePublished\":\"2025-10-01T10:38:51+00:00\",\"dateModified\":\"2025-10-01T10:38:53+00:00\",\"author\":{\"@id\":\"https:\\\/\\\/gabegabe224.com\\\/#\\\/schema\\\/person\\\/8105b579cfbd3917935604f9bf7edd16\"},\"breadcrumb\":{\"@id\":\"https:\\\/\\\/gabegabe224.com\\\/?p=1497#breadcrumb\"},\"inLanguage\":\"fr-FR\",\"potentialAction\":[{\"@type\":\"ReadAction\",\"target\":[\"https:\\\/\\\/gabegabe224.com\\\/?p=1497\"]}]},{\"@type\":\"ImageObject\",\"inLanguage\":\"fr-FR\",\"@id\":\"https:\\\/\\\/gabegabe224.com\\\/?p=1497#primaryimage\",\"url\":\"https:\\\/\\\/gabegabe224.com\\\/wp-content\\\/uploads\\\/2025\\\/10\\\/moisee.png\",\"contentUrl\":\"https:\\\/\\\/gabegabe224.com\\\/wp-content\\\/uploads\\\/2025\\\/10\\\/moisee.png\",\"width\":800,\"height\":450},{\"@type\":\"BreadcrumbList\",\"@id\":\"https:\\\/\\\/gabegabe224.com\\\/?p=1497#breadcrumb\",\"itemListElement\":[{\"@type\":\"ListItem\",\"position\":1,\"name\":\"Home\",\"item\":\"https:\\\/\\\/gabegabe224.com\\\/\"},{\"@type\":\"ListItem\",\"position\":2,\"name\":\"Moussa Mo\u00efse Sylla expose la vision culturelle de la Guin\u00e9e \u00e0 Barcelone\"}]},{\"@type\":\"WebSite\",\"@id\":\"https:\\\/\\\/gabegabe224.com\\\/#website\",\"url\":\"https:\\\/\\\/gabegabe224.com\\\/\",\"name\":\"\",\"description\":\"L\u2019information au c\u0153ur du digital\",\"potentialAction\":[{\"@type\":\"SearchAction\",\"target\":{\"@type\":\"EntryPoint\",\"urlTemplate\":\"https:\\\/\\\/gabegabe224.com\\\/?s={search_term_string}\"},\"query-input\":{\"@type\":\"PropertyValueSpecification\",\"valueRequired\":true,\"valueName\":\"search_term_string\"}}],\"inLanguage\":\"fr-FR\"},{\"@type\":\"Person\",\"@id\":\"https:\\\/\\\/gabegabe224.com\\\/#\\\/schema\\\/person\\\/8105b579cfbd3917935604f9bf7edd16\",\"name\":\"Kabinet Conde\",\"image\":{\"@type\":\"ImageObject\",\"inLanguage\":\"fr-FR\",\"@id\":\"https:\\\/\\\/secure.gravatar.com\\\/avatar\\\/32a081a85900638cf698d08343cf679773737b821606e5678df90c5747d5f080?s=96&d=mm&r=g\",\"url\":\"https:\\\/\\\/secure.gravatar.com\\\/avatar\\\/32a081a85900638cf698d08343cf679773737b821606e5678df90c5747d5f080?s=96&d=mm&r=g\",\"contentUrl\":\"https:\\\/\\\/secure.gravatar.com\\\/avatar\\\/32a081a85900638cf698d08343cf679773737b821606e5678df90c5747d5f080?s=96&d=mm&r=g\",\"caption\":\"Kabinet Conde\"},\"sameAs\":[\"https:\\\/\\\/www.facebook.com\\\/share\\\/1BNYrYA2g4\\\/?mibextid=wwXIfr\",\"https:\\\/\\\/www.instagram.com\\\/kabisko_kabisko5?igsh=MXJzb3g3cXp1eGxiYQ&utm_source=qr\"],\"url\":\"https:\\\/\\\/gabegabe224.com\\\/?author=2\"}]}<\/script>\n<!-- \/ Yoast SEO plugin. -->","yoast_head_json":{"title":"Moussa Mo\u00efse Sylla expose la vision culturelle de la Guin\u00e9e \u00e0 Barcelone -","robots":{"index":"index","follow":"follow","max-snippet":"max-snippet:-1","max-image-preview":"max-image-preview:large","max-video-preview":"max-video-preview:-1"},"canonical":"https:\/\/gabegabe224.com\/?p=1497","og_locale":"fr_FR","og_type":"article","og_title":"Moussa Mo\u00efse Sylla expose la vision culturelle de la Guin\u00e9e \u00e0 Barcelone -","og_description":"La Guin\u00e9e a marqu\u00e9 sa pr\u00e9sence \u00e0 MondialCult 2025, la conf\u00e9rence mondiale de l\u2019UNESCO consacr\u00e9e aux politiques culturelles, organis\u00e9e cette ann\u00e9e \u00e0 Barcelone.Au nom du Chef de l\u2019\u00c9tat, le G\u00e9n\u00e9ral de corps d\u2019arm\u00e9e Mamadi Doumbouya, le ministre de la Culture et de l\u2019Artisanat, Moussa Mo\u00efse Sylla, a port\u00e9 la voix de la Guin\u00e9e \u00e0 travers [&hellip;]","og_url":"https:\/\/gabegabe224.com\/?p=1497","article_author":"https:\/\/www.facebook.com\/share\/1BNYrYA2g4\/?mibextid=wwXIfr","article_published_time":"2025-10-01T10:38:51+00:00","article_modified_time":"2025-10-01T10:38:53+00:00","og_image":[{"width":800,"height":450,"url":"https:\/\/gabegabe224.com\/wp-content\/uploads\/2025\/10\/moisee.png","type":"image\/png"}],"author":"Kabinet Conde","twitter_card":"summary_large_image","twitter_misc":{"\u00c9crit par":"Kabinet Conde","Dur\u00e9e de lecture estim\u00e9e":"4 minutes"},"schema":{"@context":"https:\/\/schema.org","@graph":[{"@type":"Article","@id":"https:\/\/gabegabe224.com\/?p=1497#article","isPartOf":{"@id":"https:\/\/gabegabe224.com\/?p=1497"},"author":{"name":"Kabinet Conde","@id":"https:\/\/gabegabe224.com\/#\/schema\/person\/8105b579cfbd3917935604f9bf7edd16"},"headline":"Moussa Mo\u00efse Sylla expose la vision culturelle de la Guin\u00e9e \u00e0 Barcelone","datePublished":"2025-10-01T10:38:51+00:00","dateModified":"2025-10-01T10:38:53+00:00","mainEntityOfPage":{"@id":"https:\/\/gabegabe224.com\/?p=1497"},"wordCount":507,"commentCount":0,"image":{"@id":"https:\/\/gabegabe224.com\/?p=1497#primaryimage"},"thumbnailUrl":"https:\/\/gabegabe224.com\/wp-content\/uploads\/2025\/10\/moisee.png","articleSection":["Accueil","Culture"],"inLanguage":"fr-FR","potentialAction":[{"@type":"CommentAction","name":"Comment","target":["https:\/\/gabegabe224.com\/?p=1497#respond"]}]},{"@type":"WebPage","@id":"https:\/\/gabegabe224.com\/?p=1497","url":"https:\/\/gabegabe224.com\/?p=1497","name":"Moussa Mo\u00efse Sylla expose la vision culturelle de la Guin\u00e9e \u00e0 Barcelone -","isPartOf":{"@id":"https:\/\/gabegabe224.com\/#website"},"primaryImageOfPage":{"@id":"https:\/\/gabegabe224.com\/?p=1497#primaryimage"},"image":{"@id":"https:\/\/gabegabe224.com\/?p=1497#primaryimage"},"thumbnailUrl":"https:\/\/gabegabe224.com\/wp-content\/uploads\/2025\/10\/moisee.png","datePublished":"2025-10-01T10:38:51+00:00","dateModified":"2025-10-01T10:38:53+00:00","author":{"@id":"https:\/\/gabegabe224.com\/#\/schema\/person\/8105b579cfbd3917935604f9bf7edd16"},"breadcrumb":{"@id":"https:\/\/gabegabe224.com\/?p=1497#breadcrumb"},"inLanguage":"fr-FR","potentialAction":[{"@type":"ReadAction","target":["https:\/\/gabegabe224.com\/?p=1497"]}]},{"@type":"ImageObject","inLanguage":"fr-FR","@id":"https:\/\/gabegabe224.com\/?p=1497#primaryimage","url":"https:\/\/gabegabe224.com\/wp-content\/uploads\/2025\/10\/moisee.png","contentUrl":"https:\/\/gabegabe224.com\/wp-content\/uploads\/2025\/10\/moisee.png","width":800,"height":450},{"@type":"BreadcrumbList","@id":"https:\/\/gabegabe224.com\/?p=1497#breadcrumb","itemListElement":[{"@type":"ListItem","position":1,"name":"Home","item":"https:\/\/gabegabe224.com\/"},{"@type":"ListItem","position":2,"name":"Moussa Mo\u00efse Sylla expose la vision culturelle de la Guin\u00e9e \u00e0 Barcelone"}]},{"@type":"WebSite","@id":"https:\/\/gabegabe224.com\/#website","url":"https:\/\/gabegabe224.com\/","name":"","description":"L\u2019information au c\u0153ur du digital","potentialAction":[{"@type":"SearchAction","target":{"@type":"EntryPoint","urlTemplate":"https:\/\/gabegabe224.com\/?s={search_term_string}"},"query-input":{"@type":"PropertyValueSpecification","valueRequired":true,"valueName":"search_term_string"}}],"inLanguage":"fr-FR"},{"@type":"Person","@id":"https:\/\/gabegabe224.com\/#\/schema\/person\/8105b579cfbd3917935604f9bf7edd16","name":"Kabinet Conde","image":{"@type":"ImageObject","inLanguage":"fr-FR","@id":"https:\/\/secure.gravatar.com\/avatar\/32a081a85900638cf698d08343cf679773737b821606e5678df90c5747d5f080?s=96&d=mm&r=g","url":"https:\/\/secure.gravatar.com\/avatar\/32a081a85900638cf698d08343cf679773737b821606e5678df90c5747d5f080?s=96&d=mm&r=g","contentUrl":"https:\/\/secure.gravatar.com\/avatar\/32a081a85900638cf698d08343cf679773737b821606e5678df90c5747d5f080?s=96&d=mm&r=g","caption":"Kabinet Conde"},"sameAs":["https:\/\/www.facebook.com\/share\/1BNYrYA2g4\/?mibextid=wwXIfr","https:\/\/www.instagram.com\/kabisko_kabisko5?igsh=MXJzb3g3cXp1eGxiYQ&utm_source=qr"],"url":"https:\/\/gabegabe224.com\/?author=2"}]}},"_links":{"self":[{"href":"https:\/\/gabegabe224.com\/index.php?rest_route=\/wp\/v2\/posts\/1497","targetHints":{"allow":["GET"]}}],"collection":[{"href":"https:\/\/gabegabe224.com\/index.php?rest_route=\/wp\/v2\/posts"}],"about":[{"href":"https:\/\/gabegabe224.com\/index.php?rest_route=\/wp\/v2\/types\/post"}],"author":[{"embeddable":true,"href":"https:\/\/gabegabe224.com\/index.php?rest_route=\/wp\/v2\/users\/2"}],"replies":[{"embeddable":true,"href":"https:\/\/gabegabe224.com\/index.php?rest_route=%2Fwp%2Fv2%2Fcomments&post=1497"}],"version-history":[{"count":1,"href":"https:\/\/gabegabe224.com\/index.php?rest_route=\/wp\/v2\/posts\/1497\/revisions"}],"predecessor-version":[{"id":1502,"href":"https:\/\/gabegabe224.com\/index.php?rest_route=\/wp\/v2\/posts\/1497\/revisions\/1502"}],"wp:featuredmedia":[{"embeddable":true,"href":"https:\/\/gabegabe224.com\/index.php?rest_route=\/wp\/v2\/media\/1498"}],"wp:attachment":[{"href":"https:\/\/gabegabe224.com\/index.php?rest_route=%2Fwp%2Fv2%2Fmedia&parent=1497"}],"wp:term":[{"taxonomy":"category","embeddable":true,"href":"https:\/\/gabegabe224.com\/index.php?rest_route=%2Fwp%2Fv2%2Fcategories&post=1497"},{"taxonomy":"post_tag","embeddable":true,"href":"https:\/\/gabegabe224.com\/index.php?rest_route=%2Fwp%2Fv2%2Ftags&post=1497"}],"curies":[{"name":"wp","href":"https:\/\/api.w.org\/{rel}","templated":true}]}}