{"id":1680,"date":"2025-10-27T13:00:57","date_gmt":"2025-10-27T12:00:57","guid":{"rendered":"https:\/\/gabegabe224.com\/?p=1680"},"modified":"2025-10-27T13:01:00","modified_gmt":"2025-10-27T12:01:00","slug":"saran-djely-denin-annonce-la-sortie-de-son-nouveau-clip-deception","status":"publish","type":"post","link":"https:\/\/gabegabe224.com\/?p=1680","title":{"rendered":"Saran Djely Denin annonce la sortie de son nouveau clip \u201cD\u00e9ception\u201d"},"content":{"rendered":"\n<p>La chanteuse guin\u00e9enne <strong>Saran Djely Denin<\/strong> s\u2019appr\u00eate \u00e0 d\u00e9voiler son tout nouveau clip intitul\u00e9 <strong>\u201cD\u00e9ception\u201d<\/strong>, dont la sortie officielle est pr\u00e9vue pour <strong>le samedi 1er novembre \u00e0 16 heures<\/strong> sur les plateformes en ligne.<\/p>\n\n\n\n<p>En pr\u00e9lude \u00e0 cette sortie, l\u2019artiste a partag\u00e9 un <strong>court extrait du clip<\/strong>, offrant ainsi un avant-go\u00fbt \u00e0 ses fans. Dans cette \u0153uvre, Saran Djely Denin aborde un th\u00e8me universel : <strong>les relations amoureuses et les d\u00e9sillusions<\/strong> qui les accompagnent, un sujet dans lequel beaucoup se reconna\u00eetront.<\/p>\n\n\n\n<p>Avec \u201cD\u00e9ception\u201d, la chanteuse semble vouloir <strong>mettre des mots et des images sur les blessures du c\u0153ur<\/strong>, tout en gardant la touche d\u2019\u00e9motion et d\u2019authenticit\u00e9 qui caract\u00e9rise sa musique. Une sortie tr\u00e8s attendue par son public, toujours fid\u00e8le \u00e0 son univers.<\/p>\n\n\n\n<p>Lien du teaser : <a href=\"https:\/\/www.facebook.com\/reel\/1380143320407094\">https:\/\/www.facebook.com\/reel\/1380143320407094<\/a><\/p>\n","protected":false},"excerpt":{"rendered":"<p>La chanteuse guin\u00e9enne Saran Djely Denin s\u2019appr\u00eate \u00e0 d\u00e9voiler son tout nouveau clip intitul\u00e9 \u201cD\u00e9ception\u201d, dont la sortie officielle est pr\u00e9vue pour le samedi 1er novembre \u00e0 16 heures sur les plateformes en ligne. En pr\u00e9lude \u00e0 cette sortie, l\u2019artiste a partag\u00e9 un court extrait du clip, offrant ainsi un avant-go\u00fbt \u00e0 ses fans. Dans [&hellip;]<\/p>\n","protected":false},"author":2,"featured_media":1681,"comment_status":"open","ping_status":"open","sticky":false,"template":"","format":"standard","meta":{"footnotes":""},"categories":[1,5],"tags":[],"class_list":["post-1680","post","type-post","status-publish","format-standard","has-post-thumbnail","hentry","category-accueil","category-musique"],"yoast_head":"<!-- This site is optimized with the Yoast SEO plugin v27.4 - https:\/\/yoast.com\/product\/yoast-seo-wordpress\/ -->\n<title>Saran Djely Denin annonce la sortie de son nouveau clip \u201cD\u00e9ception\u201d -<\/title>\n<meta name=\"robots\" content=\"index, follow, max-snippet:-1, max-image-preview:large, max-video-preview:-1\" \/>\n<link rel=\"canonical\" href=\"https:\/\/gabegabe224.com\/?p=1680\" \/>\n<meta property=\"og:locale\" content=\"fr_FR\" \/>\n<meta property=\"og:type\" content=\"article\" \/>\n<meta property=\"og:title\" content=\"Saran Djely Denin annonce la sortie de son nouveau clip \u201cD\u00e9ception\u201d -\" \/>\n<meta property=\"og:description\" content=\"La chanteuse guin\u00e9enne Saran Djely Denin s\u2019appr\u00eate \u00e0 d\u00e9voiler son tout nouveau clip intitul\u00e9 \u201cD\u00e9ception\u201d, dont la sortie officielle est pr\u00e9vue pour le samedi 1er novembre \u00e0 16 heures sur les plateformes en ligne. En pr\u00e9lude \u00e0 cette sortie, l\u2019artiste a partag\u00e9 un court extrait du clip, offrant ainsi un avant-go\u00fbt \u00e0 ses fans. Dans [&hellip;]\" \/>\n<meta property=\"og:url\" content=\"https:\/\/gabegabe224.com\/?p=1680\" \/>\n<meta property=\"article:author\" content=\"https:\/\/www.facebook.com\/share\/1BNYrYA2g4\/?mibextid=wwXIfr\" \/>\n<meta property=\"article:published_time\" content=\"2025-10-27T12:00:57+00:00\" \/>\n<meta property=\"article:modified_time\" content=\"2025-10-27T12:01:00+00:00\" \/>\n<meta property=\"og:image\" content=\"https:\/\/gabegabe224.com\/wp-content\/uploads\/2025\/10\/sarannnn.png\" \/>\n\t<meta property=\"og:image:width\" content=\"800\" \/>\n\t<meta property=\"og:image:height\" content=\"450\" \/>\n\t<meta property=\"og:image:type\" content=\"image\/png\" \/>\n<meta name=\"author\" content=\"Kabinet Conde\" \/>\n<meta name=\"twitter:card\" content=\"summary_large_image\" \/>\n<meta name=\"twitter:label1\" content=\"\u00c9crit par\" \/>\n\t<meta name=\"twitter:data1\" content=\"Kabinet Conde\" \/>\n\t<meta name=\"twitter:label2\" content=\"Dur\u00e9e de lecture estim\u00e9e\" \/>\n\t<meta name=\"twitter:data2\" content=\"1 minute\" \/>\n<script type=\"application\/ld+json\" class=\"yoast-schema-graph\">{\"@context\":\"https:\\\/\\\/schema.org\",\"@graph\":[{\"@type\":\"Article\",\"@id\":\"https:\\\/\\\/gabegabe224.com\\\/?p=1680#article\",\"isPartOf\":{\"@id\":\"https:\\\/\\\/gabegabe224.com\\\/?p=1680\"},\"author\":{\"name\":\"Kabinet Conde\",\"@id\":\"https:\\\/\\\/gabegabe224.com\\\/#\\\/schema\\\/person\\\/8105b579cfbd3917935604f9bf7edd16\"},\"headline\":\"Saran Djely Denin annonce la sortie de son nouveau clip \u201cD\u00e9ception\u201d\",\"datePublished\":\"2025-10-27T12:00:57+00:00\",\"dateModified\":\"2025-10-27T12:01:00+00:00\",\"mainEntityOfPage\":{\"@id\":\"https:\\\/\\\/gabegabe224.com\\\/?p=1680\"},\"wordCount\":154,\"commentCount\":0,\"image\":{\"@id\":\"https:\\\/\\\/gabegabe224.com\\\/?p=1680#primaryimage\"},\"thumbnailUrl\":\"https:\\\/\\\/gabegabe224.com\\\/wp-content\\\/uploads\\\/2025\\\/10\\\/sarannnn.png\",\"articleSection\":[\"Accueil\",\"Musique\"],\"inLanguage\":\"fr-FR\",\"potentialAction\":[{\"@type\":\"CommentAction\",\"name\":\"Comment\",\"target\":[\"https:\\\/\\\/gabegabe224.com\\\/?p=1680#respond\"]}]},{\"@type\":\"WebPage\",\"@id\":\"https:\\\/\\\/gabegabe224.com\\\/?p=1680\",\"url\":\"https:\\\/\\\/gabegabe224.com\\\/?p=1680\",\"name\":\"Saran Djely Denin annonce la sortie de son nouveau clip \u201cD\u00e9ception\u201d -\",\"isPartOf\":{\"@id\":\"https:\\\/\\\/gabegabe224.com\\\/#website\"},\"primaryImageOfPage\":{\"@id\":\"https:\\\/\\\/gabegabe224.com\\\/?p=1680#primaryimage\"},\"image\":{\"@id\":\"https:\\\/\\\/gabegabe224.com\\\/?p=1680#primaryimage\"},\"thumbnailUrl\":\"https:\\\/\\\/gabegabe224.com\\\/wp-content\\\/uploads\\\/2025\\\/10\\\/sarannnn.png\",\"datePublished\":\"2025-10-27T12:00:57+00:00\",\"dateModified\":\"2025-10-27T12:01:00+00:00\",\"author\":{\"@id\":\"https:\\\/\\\/gabegabe224.com\\\/#\\\/schema\\\/person\\\/8105b579cfbd3917935604f9bf7edd16\"},\"breadcrumb\":{\"@id\":\"https:\\\/\\\/gabegabe224.com\\\/?p=1680#breadcrumb\"},\"inLanguage\":\"fr-FR\",\"potentialAction\":[{\"@type\":\"ReadAction\",\"target\":[\"https:\\\/\\\/gabegabe224.com\\\/?p=1680\"]}]},{\"@type\":\"ImageObject\",\"inLanguage\":\"fr-FR\",\"@id\":\"https:\\\/\\\/gabegabe224.com\\\/?p=1680#primaryimage\",\"url\":\"https:\\\/\\\/gabegabe224.com\\\/wp-content\\\/uploads\\\/2025\\\/10\\\/sarannnn.png\",\"contentUrl\":\"https:\\\/\\\/gabegabe224.com\\\/wp-content\\\/uploads\\\/2025\\\/10\\\/sarannnn.png\",\"width\":800,\"height\":450},{\"@type\":\"BreadcrumbList\",\"@id\":\"https:\\\/\\\/gabegabe224.com\\\/?p=1680#breadcrumb\",\"itemListElement\":[{\"@type\":\"ListItem\",\"position\":1,\"name\":\"Home\",\"item\":\"https:\\\/\\\/gabegabe224.com\\\/\"},{\"@type\":\"ListItem\",\"position\":2,\"name\":\"Saran Djely Denin annonce la sortie de son nouveau clip \u201cD\u00e9ception\u201d\"}]},{\"@type\":\"WebSite\",\"@id\":\"https:\\\/\\\/gabegabe224.com\\\/#website\",\"url\":\"https:\\\/\\\/gabegabe224.com\\\/\",\"name\":\"\",\"description\":\"L\u2019information au c\u0153ur du digital\",\"potentialAction\":[{\"@type\":\"SearchAction\",\"target\":{\"@type\":\"EntryPoint\",\"urlTemplate\":\"https:\\\/\\\/gabegabe224.com\\\/?s={search_term_string}\"},\"query-input\":{\"@type\":\"PropertyValueSpecification\",\"valueRequired\":true,\"valueName\":\"search_term_string\"}}],\"inLanguage\":\"fr-FR\"},{\"@type\":\"Person\",\"@id\":\"https:\\\/\\\/gabegabe224.com\\\/#\\\/schema\\\/person\\\/8105b579cfbd3917935604f9bf7edd16\",\"name\":\"Kabinet Conde\",\"image\":{\"@type\":\"ImageObject\",\"inLanguage\":\"fr-FR\",\"@id\":\"https:\\\/\\\/secure.gravatar.com\\\/avatar\\\/32a081a85900638cf698d08343cf679773737b821606e5678df90c5747d5f080?s=96&d=mm&r=g\",\"url\":\"https:\\\/\\\/secure.gravatar.com\\\/avatar\\\/32a081a85900638cf698d08343cf679773737b821606e5678df90c5747d5f080?s=96&d=mm&r=g\",\"contentUrl\":\"https:\\\/\\\/secure.gravatar.com\\\/avatar\\\/32a081a85900638cf698d08343cf679773737b821606e5678df90c5747d5f080?s=96&d=mm&r=g\",\"caption\":\"Kabinet Conde\"},\"sameAs\":[\"https:\\\/\\\/www.facebook.com\\\/share\\\/1BNYrYA2g4\\\/?mibextid=wwXIfr\",\"https:\\\/\\\/www.instagram.com\\\/kabisko_kabisko5?igsh=MXJzb3g3cXp1eGxiYQ&utm_source=qr\"],\"url\":\"https:\\\/\\\/gabegabe224.com\\\/?author=2\"}]}<\/script>\n<!-- \/ Yoast SEO plugin. -->","yoast_head_json":{"title":"Saran Djely Denin annonce la sortie de son nouveau clip \u201cD\u00e9ception\u201d -","robots":{"index":"index","follow":"follow","max-snippet":"max-snippet:-1","max-image-preview":"max-image-preview:large","max-video-preview":"max-video-preview:-1"},"canonical":"https:\/\/gabegabe224.com\/?p=1680","og_locale":"fr_FR","og_type":"article","og_title":"Saran Djely Denin annonce la sortie de son nouveau clip \u201cD\u00e9ception\u201d -","og_description":"La chanteuse guin\u00e9enne Saran Djely Denin s\u2019appr\u00eate \u00e0 d\u00e9voiler son tout nouveau clip intitul\u00e9 \u201cD\u00e9ception\u201d, dont la sortie officielle est pr\u00e9vue pour le samedi 1er novembre \u00e0 16 heures sur les plateformes en ligne. En pr\u00e9lude \u00e0 cette sortie, l\u2019artiste a partag\u00e9 un court extrait du clip, offrant ainsi un avant-go\u00fbt \u00e0 ses fans. Dans [&hellip;]","og_url":"https:\/\/gabegabe224.com\/?p=1680","article_author":"https:\/\/www.facebook.com\/share\/1BNYrYA2g4\/?mibextid=wwXIfr","article_published_time":"2025-10-27T12:00:57+00:00","article_modified_time":"2025-10-27T12:01:00+00:00","og_image":[{"width":800,"height":450,"url":"https:\/\/gabegabe224.com\/wp-content\/uploads\/2025\/10\/sarannnn.png","type":"image\/png"}],"author":"Kabinet Conde","twitter_card":"summary_large_image","twitter_misc":{"\u00c9crit par":"Kabinet Conde","Dur\u00e9e de lecture estim\u00e9e":"1 minute"},"schema":{"@context":"https:\/\/schema.org","@graph":[{"@type":"Article","@id":"https:\/\/gabegabe224.com\/?p=1680#article","isPartOf":{"@id":"https:\/\/gabegabe224.com\/?p=1680"},"author":{"name":"Kabinet Conde","@id":"https:\/\/gabegabe224.com\/#\/schema\/person\/8105b579cfbd3917935604f9bf7edd16"},"headline":"Saran Djely Denin annonce la sortie de son nouveau clip \u201cD\u00e9ception\u201d","datePublished":"2025-10-27T12:00:57+00:00","dateModified":"2025-10-27T12:01:00+00:00","mainEntityOfPage":{"@id":"https:\/\/gabegabe224.com\/?p=1680"},"wordCount":154,"commentCount":0,"image":{"@id":"https:\/\/gabegabe224.com\/?p=1680#primaryimage"},"thumbnailUrl":"https:\/\/gabegabe224.com\/wp-content\/uploads\/2025\/10\/sarannnn.png","articleSection":["Accueil","Musique"],"inLanguage":"fr-FR","potentialAction":[{"@type":"CommentAction","name":"Comment","target":["https:\/\/gabegabe224.com\/?p=1680#respond"]}]},{"@type":"WebPage","@id":"https:\/\/gabegabe224.com\/?p=1680","url":"https:\/\/gabegabe224.com\/?p=1680","name":"Saran Djely Denin annonce la sortie de son nouveau clip \u201cD\u00e9ception\u201d -","isPartOf":{"@id":"https:\/\/gabegabe224.com\/#website"},"primaryImageOfPage":{"@id":"https:\/\/gabegabe224.com\/?p=1680#primaryimage"},"image":{"@id":"https:\/\/gabegabe224.com\/?p=1680#primaryimage"},"thumbnailUrl":"https:\/\/gabegabe224.com\/wp-content\/uploads\/2025\/10\/sarannnn.png","datePublished":"2025-10-27T12:00:57+00:00","dateModified":"2025-10-27T12:01:00+00:00","author":{"@id":"https:\/\/gabegabe224.com\/#\/schema\/person\/8105b579cfbd3917935604f9bf7edd16"},"breadcrumb":{"@id":"https:\/\/gabegabe224.com\/?p=1680#breadcrumb"},"inLanguage":"fr-FR","potentialAction":[{"@type":"ReadAction","target":["https:\/\/gabegabe224.com\/?p=1680"]}]},{"@type":"ImageObject","inLanguage":"fr-FR","@id":"https:\/\/gabegabe224.com\/?p=1680#primaryimage","url":"https:\/\/gabegabe224.com\/wp-content\/uploads\/2025\/10\/sarannnn.png","contentUrl":"https:\/\/gabegabe224.com\/wp-content\/uploads\/2025\/10\/sarannnn.png","width":800,"height":450},{"@type":"BreadcrumbList","@id":"https:\/\/gabegabe224.com\/?p=1680#breadcrumb","itemListElement":[{"@type":"ListItem","position":1,"name":"Home","item":"https:\/\/gabegabe224.com\/"},{"@type":"ListItem","position":2,"name":"Saran Djely Denin annonce la sortie de son nouveau clip \u201cD\u00e9ception\u201d"}]},{"@type":"WebSite","@id":"https:\/\/gabegabe224.com\/#website","url":"https:\/\/gabegabe224.com\/","name":"","description":"L\u2019information au c\u0153ur du digital","potentialAction":[{"@type":"SearchAction","target":{"@type":"EntryPoint","urlTemplate":"https:\/\/gabegabe224.com\/?s={search_term_string}"},"query-input":{"@type":"PropertyValueSpecification","valueRequired":true,"valueName":"search_term_string"}}],"inLanguage":"fr-FR"},{"@type":"Person","@id":"https:\/\/gabegabe224.com\/#\/schema\/person\/8105b579cfbd3917935604f9bf7edd16","name":"Kabinet Conde","image":{"@type":"ImageObject","inLanguage":"fr-FR","@id":"https:\/\/secure.gravatar.com\/avatar\/32a081a85900638cf698d08343cf679773737b821606e5678df90c5747d5f080?s=96&d=mm&r=g","url":"https:\/\/secure.gravatar.com\/avatar\/32a081a85900638cf698d08343cf679773737b821606e5678df90c5747d5f080?s=96&d=mm&r=g","contentUrl":"https:\/\/secure.gravatar.com\/avatar\/32a081a85900638cf698d08343cf679773737b821606e5678df90c5747d5f080?s=96&d=mm&r=g","caption":"Kabinet Conde"},"sameAs":["https:\/\/www.facebook.com\/share\/1BNYrYA2g4\/?mibextid=wwXIfr","https:\/\/www.instagram.com\/kabisko_kabisko5?igsh=MXJzb3g3cXp1eGxiYQ&utm_source=qr"],"url":"https:\/\/gabegabe224.com\/?author=2"}]}},"_links":{"self":[{"href":"https:\/\/gabegabe224.com\/index.php?rest_route=\/wp\/v2\/posts\/1680","targetHints":{"allow":["GET"]}}],"collection":[{"href":"https:\/\/gabegabe224.com\/index.php?rest_route=\/wp\/v2\/posts"}],"about":[{"href":"https:\/\/gabegabe224.com\/index.php?rest_route=\/wp\/v2\/types\/post"}],"author":[{"embeddable":true,"href":"https:\/\/gabegabe224.com\/index.php?rest_route=\/wp\/v2\/users\/2"}],"replies":[{"embeddable":true,"href":"https:\/\/gabegabe224.com\/index.php?rest_route=%2Fwp%2Fv2%2Fcomments&post=1680"}],"version-history":[{"count":1,"href":"https:\/\/gabegabe224.com\/index.php?rest_route=\/wp\/v2\/posts\/1680\/revisions"}],"predecessor-version":[{"id":1682,"href":"https:\/\/gabegabe224.com\/index.php?rest_route=\/wp\/v2\/posts\/1680\/revisions\/1682"}],"wp:featuredmedia":[{"embeddable":true,"href":"https:\/\/gabegabe224.com\/index.php?rest_route=\/wp\/v2\/media\/1681"}],"wp:attachment":[{"href":"https:\/\/gabegabe224.com\/index.php?rest_route=%2Fwp%2Fv2%2Fmedia&parent=1680"}],"wp:term":[{"taxonomy":"category","embeddable":true,"href":"https:\/\/gabegabe224.com\/index.php?rest_route=%2Fwp%2Fv2%2Fcategories&post=1680"},{"taxonomy":"post_tag","embeddable":true,"href":"https:\/\/gabegabe224.com\/index.php?rest_route=%2Fwp%2Fv2%2Ftags&post=1680"}],"curies":[{"name":"wp","href":"https:\/\/api.w.org\/{rel}","templated":true}]}}