{"id":189,"date":"2025-03-21T12:43:30","date_gmt":"2025-03-21T11:43:30","guid":{"rendered":"https:\/\/gabegabe224.com\/?p=189"},"modified":"2025-03-21T13:10:57","modified_gmt":"2025-03-21T12:10:57","slug":"comparee-a-josey-manamba-kante-revendique-son-identite-je-suis-manamba-de-la-guinee","status":"publish","type":"post","link":"https:\/\/gabegabe224.com\/?p=189","title":{"rendered":"Compar\u00e9e \u00e0 Josey, Manamba Kant\u00e9 revendique son identit\u00e9\u00a0: \u00ab Je suis Manamba de la Guin\u00e9e\u00a0\u00bb"},"content":{"rendered":"\n<p>La chanteuse guin\u00e9enne <strong>Manamba Kant\u00e9<\/strong> s&rsquo;appr\u00eate \u00e0 franchir une nouvelle \u00e9tape dans sa carri\u00e8re avec la sortie de son tout nouvel album int\u00e9gralement intitul\u00e9 <strong>\u00ab<\/strong>&nbsp;<strong><em>Mousso&nbsp;\u00bb<\/em><\/strong>. Pour marquer cet \u00e9v\u00e9nement, l&rsquo;artiste a pr\u00e9vu deux concerts exceptionnels. Un premier rendez-vous VIP aura lieu le 23 mai 2025 au <strong>Chapiteau By Issa<\/strong>, suivi d&rsquo;un concert grand public le lendemain sur l\u2019<strong>Esplanade du Palais du Peuple<\/strong>.<\/p>\n\n\n\n<p>En amont de ces grands rendez-vous, Manamba Kant\u00e9 a convi\u00e9 la presse mercredi soir \u00e0 son domicile de Kobaya, en compagnie de son label Babata Musik. Cette rencontre a \u00e9t\u00e9 marqu\u00e9e par une mise au point de l\u2019artiste sur son identit\u00e9 musicale, en r\u00e9action \u00e0 une comparaison avec la chanteuse ivoirienne Josey.<\/p>\n\n\n\n<figure class=\"wp-block-image size-full\"><img  title=\"\" width=\"950\" height=\"633\"   alt=\"480965513_122252136218008883_3556368844854056036_n Compar\u00e9e \u00e0 Josey, Manamba Kant\u00e9 revendique son identit\u00e9\u00a0: \u00ab Je suis Manamba de la Guin\u00e9e\u00a0\u00bb\"  class=\"wp-image-190 lws-optimize-lazyload\"\/ data-src=\"https:\/\/gabegabe224.com\/wp-content\/uploads\/2025\/03\/480965513_122252136218008883_3556368844854056036_n.jpg\" srcset=\"https:\/\/gabegabe224.com\/wp-content\/uploads\/2025\/03\/480965513_122252136218008883_3556368844854056036_n.jpg 950w, https:\/\/gabegabe224.com\/wp-content\/uploads\/2025\/03\/480965513_122252136218008883_3556368844854056036_n-300x200.jpg 300w, https:\/\/gabegabe224.com\/wp-content\/uploads\/2025\/03\/480965513_122252136218008883_3556368844854056036_n-768x512.jpg 768w\" sizes=\"(max-width: 950px) 100vw, 950px\" \/><\/figure>\n\n\n\n<p>Lorsqu&rsquo;un journaliste l\u2019a cit\u00e9e comme \u00e9tant la \u00ab\u00a0Josey de la Guin\u00e9e\u00a0\u00bb, Manamba Kant\u00e9 a imm\u00e9diatement recadr\u00e9 cette assimilation :<\/p>\n\n\n\n<blockquote class=\"wp-block-quote is-layout-flow wp-block-quote-is-layout-flow\">\n<p><strong><em>\u00ab Non, on ne va pas dire \u2018Josey de la Guin\u00e9e\u2019, je suis Manamba de la Guin\u00e9e. \u00bb<\/em><\/strong><\/p>\n<\/blockquote>\n\n\n\n<p>Son \u00e9poux, qui dirige \u00e9galement le label <strong>Babata Musik<\/strong>, a rench\u00e9ri :<\/p>\n\n\n\n<blockquote class=\"wp-block-quote is-layout-flow wp-block-quote-is-layout-flow\">\n<p><strong><em>\u00ab En fait, c\u2019est Manamba de la Guin\u00e9e. Josey, on l\u2019aime bien et tout, mais Manamba est une artiste tr\u00e8s unique en son genre\u2026 \u00bb<\/em><\/strong><\/p>\n<\/blockquote>\n\n\n\n<p>Avec cette d\u00e9claration, Manamba Kant\u00e9 affirme sa singularit\u00e9 et revendique son propre style musical, ancr\u00e9 dans la culture guin\u00e9enne et son h\u00e9ritage artistique personnel.<\/p>\n\n\n\n<p><em>Mousso<\/em>, qui signifie \u00ab\u00a0femme\u00a0\u00bb en malink\u00e9, est bien plus qu\u2019un simple projet musical pour Manamba Kant\u00e9. L\u2019album se veut un v\u00e9ritable hommage \u00e0 la femme et \u00e0 son r\u00f4le fondamental dans la soci\u00e9t\u00e9.<\/p>\n\n\n\n<blockquote class=\"wp-block-quote is-layout-flow wp-block-quote-is-layout-flow\">\n<p><strong><em>\u00ab La femme ne doit pas \u00eatre mise \u00e0 l\u2019honneur uniquement le 8 mars. Elle doit \u00eatre magnifi\u00e9e chaque jour, car elle est au centre de la vie. \u00bb, a-t-elle d\u00e9clar\u00e9 avec conviction.<\/em><\/strong><\/p>\n<\/blockquote>\n\n\n\n<p>Rendez-vous est donc pris pour vivre en direct ce tournant majeur dans la carri\u00e8re de Manamba Kant\u00e9.<\/p>\n\n\n\n<figure class=\"wp-block-embed is-type-video is-provider-youtube wp-block-embed-youtube wp-embed-aspect-16-9 wp-has-aspect-ratio\"><div class=\"wp-block-embed__wrapper\">\n<iframe title=\"Manamba kant\u00e9 \u00ab\u00a0j\u2019suis manamba de la Guin\u00e9e\u00a0\u00bb\" width=\"640\" height=\"360\"  frameborder=\"0\" allow=\"accelerometer; autoplay; clipboard-write; encrypted-media; gyroscope; picture-in-picture; web-share\" referrerpolicy=\"strict-origin-when-cross-origin\" allowfullscreen class=\"lws-optimize-lazyload\" data-src=\"https:\/\/www.youtube.com\/embed\/j08K-lPnEYQ?feature=oembed\"><\/iframe>\n<\/div><\/figure>\n","protected":false},"excerpt":{"rendered":"<p>La chanteuse guin\u00e9enne Manamba Kant\u00e9 s&rsquo;appr\u00eate \u00e0 franchir une nouvelle \u00e9tape dans sa carri\u00e8re avec la sortie de son tout nouvel album int\u00e9gralement intitul\u00e9 \u00ab&nbsp;Mousso&nbsp;\u00bb. Pour marquer cet \u00e9v\u00e9nement, l&rsquo;artiste a pr\u00e9vu deux concerts exceptionnels. Un premier rendez-vous VIP aura lieu le 23 mai 2025 au Chapiteau By Issa, suivi d&rsquo;un concert grand public le [&hellip;]<\/p>\n","protected":false},"author":2,"featured_media":192,"comment_status":"open","ping_status":"open","sticky":false,"template":"","format":"standard","meta":{"footnotes":""},"categories":[1,2],"tags":[],"class_list":["post-189","post","type-post","status-publish","format-standard","has-post-thumbnail","hentry","category-accueil","category-actualite"],"yoast_head":"<!-- This site is optimized with the Yoast SEO plugin v27.4 - https:\/\/yoast.com\/product\/yoast-seo-wordpress\/ -->\n<title>Compar\u00e9e \u00e0 Josey, Manamba Kant\u00e9 revendique son identit\u00e9\u00a0: \u00ab Je suis Manamba de la Guin\u00e9e\u00a0\u00bb -<\/title>\n<meta name=\"robots\" content=\"index, follow, max-snippet:-1, max-image-preview:large, max-video-preview:-1\" \/>\n<link rel=\"canonical\" href=\"https:\/\/gabegabe224.com\/?p=189\" \/>\n<meta property=\"og:locale\" content=\"fr_FR\" \/>\n<meta property=\"og:type\" content=\"article\" \/>\n<meta property=\"og:title\" content=\"Compar\u00e9e \u00e0 Josey, Manamba Kant\u00e9 revendique son identit\u00e9\u00a0: \u00ab Je suis Manamba de la Guin\u00e9e\u00a0\u00bb -\" \/>\n<meta property=\"og:description\" content=\"La chanteuse guin\u00e9enne Manamba Kant\u00e9 s&rsquo;appr\u00eate \u00e0 franchir une nouvelle \u00e9tape dans sa carri\u00e8re avec la sortie de son tout nouvel album int\u00e9gralement intitul\u00e9 \u00ab&nbsp;Mousso&nbsp;\u00bb. Pour marquer cet \u00e9v\u00e9nement, l&rsquo;artiste a pr\u00e9vu deux concerts exceptionnels. Un premier rendez-vous VIP aura lieu le 23 mai 2025 au Chapiteau By Issa, suivi d&rsquo;un concert grand public le [&hellip;]\" \/>\n<meta property=\"og:url\" content=\"https:\/\/gabegabe224.com\/?p=189\" \/>\n<meta property=\"article:author\" content=\"https:\/\/www.facebook.com\/share\/1BNYrYA2g4\/?mibextid=wwXIfr\" \/>\n<meta property=\"article:published_time\" content=\"2025-03-21T11:43:30+00:00\" \/>\n<meta property=\"article:modified_time\" content=\"2025-03-21T12:10:57+00:00\" \/>\n<meta property=\"og:image\" content=\"https:\/\/gabegabe224.com\/wp-content\/uploads\/2025\/03\/manamba-josey.png\" \/>\n\t<meta property=\"og:image:width\" content=\"1080\" \/>\n\t<meta property=\"og:image:height\" content=\"682\" \/>\n\t<meta property=\"og:image:type\" content=\"image\/png\" \/>\n<meta name=\"author\" content=\"Kabinet Conde\" \/>\n<meta name=\"twitter:card\" content=\"summary_large_image\" \/>\n<meta name=\"twitter:label1\" content=\"\u00c9crit par\" \/>\n\t<meta name=\"twitter:data1\" content=\"Kabinet Conde\" \/>\n\t<meta name=\"twitter:label2\" content=\"Dur\u00e9e de lecture estim\u00e9e\" \/>\n\t<meta name=\"twitter:data2\" content=\"2 minutes\" \/>\n<script type=\"application\/ld+json\" class=\"yoast-schema-graph\">{\"@context\":\"https:\\\/\\\/schema.org\",\"@graph\":[{\"@type\":\"Article\",\"@id\":\"https:\\\/\\\/gabegabe224.com\\\/?p=189#article\",\"isPartOf\":{\"@id\":\"https:\\\/\\\/gabegabe224.com\\\/?p=189\"},\"author\":{\"name\":\"Kabinet Conde\",\"@id\":\"https:\\\/\\\/gabegabe224.com\\\/#\\\/schema\\\/person\\\/8105b579cfbd3917935604f9bf7edd16\"},\"headline\":\"Compar\u00e9e \u00e0 Josey, Manamba Kant\u00e9 revendique son identit\u00e9\u00a0: \u00ab Je suis Manamba de la Guin\u00e9e\u00a0\u00bb\",\"datePublished\":\"2025-03-21T11:43:30+00:00\",\"dateModified\":\"2025-03-21T12:10:57+00:00\",\"mainEntityOfPage\":{\"@id\":\"https:\\\/\\\/gabegabe224.com\\\/?p=189\"},\"wordCount\":342,\"commentCount\":0,\"image\":{\"@id\":\"https:\\\/\\\/gabegabe224.com\\\/?p=189#primaryimage\"},\"thumbnailUrl\":\"https:\\\/\\\/gabegabe224.com\\\/wp-content\\\/uploads\\\/2025\\\/03\\\/manamba-josey.png\",\"articleSection\":[\"Accueil\",\"Actualit\u00e9\"],\"inLanguage\":\"fr-FR\",\"potentialAction\":[{\"@type\":\"CommentAction\",\"name\":\"Comment\",\"target\":[\"https:\\\/\\\/gabegabe224.com\\\/?p=189#respond\"]}]},{\"@type\":\"WebPage\",\"@id\":\"https:\\\/\\\/gabegabe224.com\\\/?p=189\",\"url\":\"https:\\\/\\\/gabegabe224.com\\\/?p=189\",\"name\":\"Compar\u00e9e \u00e0 Josey, Manamba Kant\u00e9 revendique son identit\u00e9\u00a0: \u00ab Je suis Manamba de la Guin\u00e9e\u00a0\u00bb -\",\"isPartOf\":{\"@id\":\"https:\\\/\\\/gabegabe224.com\\\/#website\"},\"primaryImageOfPage\":{\"@id\":\"https:\\\/\\\/gabegabe224.com\\\/?p=189#primaryimage\"},\"image\":{\"@id\":\"https:\\\/\\\/gabegabe224.com\\\/?p=189#primaryimage\"},\"thumbnailUrl\":\"https:\\\/\\\/gabegabe224.com\\\/wp-content\\\/uploads\\\/2025\\\/03\\\/manamba-josey.png\",\"datePublished\":\"2025-03-21T11:43:30+00:00\",\"dateModified\":\"2025-03-21T12:10:57+00:00\",\"author\":{\"@id\":\"https:\\\/\\\/gabegabe224.com\\\/#\\\/schema\\\/person\\\/8105b579cfbd3917935604f9bf7edd16\"},\"breadcrumb\":{\"@id\":\"https:\\\/\\\/gabegabe224.com\\\/?p=189#breadcrumb\"},\"inLanguage\":\"fr-FR\",\"potentialAction\":[{\"@type\":\"ReadAction\",\"target\":[\"https:\\\/\\\/gabegabe224.com\\\/?p=189\"]}]},{\"@type\":\"ImageObject\",\"inLanguage\":\"fr-FR\",\"@id\":\"https:\\\/\\\/gabegabe224.com\\\/?p=189#primaryimage\",\"url\":\"https:\\\/\\\/gabegabe224.com\\\/wp-content\\\/uploads\\\/2025\\\/03\\\/manamba-josey.png\",\"contentUrl\":\"https:\\\/\\\/gabegabe224.com\\\/wp-content\\\/uploads\\\/2025\\\/03\\\/manamba-josey.png\",\"width\":1080,\"height\":682},{\"@type\":\"BreadcrumbList\",\"@id\":\"https:\\\/\\\/gabegabe224.com\\\/?p=189#breadcrumb\",\"itemListElement\":[{\"@type\":\"ListItem\",\"position\":1,\"name\":\"Home\",\"item\":\"https:\\\/\\\/gabegabe224.com\\\/\"},{\"@type\":\"ListItem\",\"position\":2,\"name\":\"Compar\u00e9e \u00e0 Josey, Manamba Kant\u00e9 revendique son identit\u00e9\u00a0: \u00ab Je suis Manamba de la Guin\u00e9e\u00a0\u00bb\"}]},{\"@type\":\"WebSite\",\"@id\":\"https:\\\/\\\/gabegabe224.com\\\/#website\",\"url\":\"https:\\\/\\\/gabegabe224.com\\\/\",\"name\":\"\",\"description\":\"L\u2019information au c\u0153ur du digital\",\"potentialAction\":[{\"@type\":\"SearchAction\",\"target\":{\"@type\":\"EntryPoint\",\"urlTemplate\":\"https:\\\/\\\/gabegabe224.com\\\/?s={search_term_string}\"},\"query-input\":{\"@type\":\"PropertyValueSpecification\",\"valueRequired\":true,\"valueName\":\"search_term_string\"}}],\"inLanguage\":\"fr-FR\"},{\"@type\":\"Person\",\"@id\":\"https:\\\/\\\/gabegabe224.com\\\/#\\\/schema\\\/person\\\/8105b579cfbd3917935604f9bf7edd16\",\"name\":\"Kabinet Conde\",\"image\":{\"@type\":\"ImageObject\",\"inLanguage\":\"fr-FR\",\"@id\":\"https:\\\/\\\/secure.gravatar.com\\\/avatar\\\/32a081a85900638cf698d08343cf679773737b821606e5678df90c5747d5f080?s=96&d=mm&r=g\",\"url\":\"https:\\\/\\\/secure.gravatar.com\\\/avatar\\\/32a081a85900638cf698d08343cf679773737b821606e5678df90c5747d5f080?s=96&d=mm&r=g\",\"contentUrl\":\"https:\\\/\\\/secure.gravatar.com\\\/avatar\\\/32a081a85900638cf698d08343cf679773737b821606e5678df90c5747d5f080?s=96&d=mm&r=g\",\"caption\":\"Kabinet Conde\"},\"sameAs\":[\"https:\\\/\\\/www.facebook.com\\\/share\\\/1BNYrYA2g4\\\/?mibextid=wwXIfr\",\"https:\\\/\\\/www.instagram.com\\\/kabisko_kabisko5?igsh=MXJzb3g3cXp1eGxiYQ&utm_source=qr\"],\"url\":\"https:\\\/\\\/gabegabe224.com\\\/?author=2\"}]}<\/script>\n<!-- \/ Yoast SEO plugin. -->","yoast_head_json":{"title":"Compar\u00e9e \u00e0 Josey, Manamba Kant\u00e9 revendique son identit\u00e9\u00a0: \u00ab Je suis Manamba de la Guin\u00e9e\u00a0\u00bb -","robots":{"index":"index","follow":"follow","max-snippet":"max-snippet:-1","max-image-preview":"max-image-preview:large","max-video-preview":"max-video-preview:-1"},"canonical":"https:\/\/gabegabe224.com\/?p=189","og_locale":"fr_FR","og_type":"article","og_title":"Compar\u00e9e \u00e0 Josey, Manamba Kant\u00e9 revendique son identit\u00e9\u00a0: \u00ab Je suis Manamba de la Guin\u00e9e\u00a0\u00bb -","og_description":"La chanteuse guin\u00e9enne Manamba Kant\u00e9 s&rsquo;appr\u00eate \u00e0 franchir une nouvelle \u00e9tape dans sa carri\u00e8re avec la sortie de son tout nouvel album int\u00e9gralement intitul\u00e9 \u00ab&nbsp;Mousso&nbsp;\u00bb. Pour marquer cet \u00e9v\u00e9nement, l&rsquo;artiste a pr\u00e9vu deux concerts exceptionnels. Un premier rendez-vous VIP aura lieu le 23 mai 2025 au Chapiteau By Issa, suivi d&rsquo;un concert grand public le [&hellip;]","og_url":"https:\/\/gabegabe224.com\/?p=189","article_author":"https:\/\/www.facebook.com\/share\/1BNYrYA2g4\/?mibextid=wwXIfr","article_published_time":"2025-03-21T11:43:30+00:00","article_modified_time":"2025-03-21T12:10:57+00:00","og_image":[{"width":1080,"height":682,"url":"https:\/\/gabegabe224.com\/wp-content\/uploads\/2025\/03\/manamba-josey.png","type":"image\/png"}],"author":"Kabinet Conde","twitter_card":"summary_large_image","twitter_misc":{"\u00c9crit par":"Kabinet Conde","Dur\u00e9e de lecture estim\u00e9e":"2 minutes"},"schema":{"@context":"https:\/\/schema.org","@graph":[{"@type":"Article","@id":"https:\/\/gabegabe224.com\/?p=189#article","isPartOf":{"@id":"https:\/\/gabegabe224.com\/?p=189"},"author":{"name":"Kabinet Conde","@id":"https:\/\/gabegabe224.com\/#\/schema\/person\/8105b579cfbd3917935604f9bf7edd16"},"headline":"Compar\u00e9e \u00e0 Josey, Manamba Kant\u00e9 revendique son identit\u00e9\u00a0: \u00ab Je suis Manamba de la Guin\u00e9e\u00a0\u00bb","datePublished":"2025-03-21T11:43:30+00:00","dateModified":"2025-03-21T12:10:57+00:00","mainEntityOfPage":{"@id":"https:\/\/gabegabe224.com\/?p=189"},"wordCount":342,"commentCount":0,"image":{"@id":"https:\/\/gabegabe224.com\/?p=189#primaryimage"},"thumbnailUrl":"https:\/\/gabegabe224.com\/wp-content\/uploads\/2025\/03\/manamba-josey.png","articleSection":["Accueil","Actualit\u00e9"],"inLanguage":"fr-FR","potentialAction":[{"@type":"CommentAction","name":"Comment","target":["https:\/\/gabegabe224.com\/?p=189#respond"]}]},{"@type":"WebPage","@id":"https:\/\/gabegabe224.com\/?p=189","url":"https:\/\/gabegabe224.com\/?p=189","name":"Compar\u00e9e \u00e0 Josey, Manamba Kant\u00e9 revendique son identit\u00e9\u00a0: \u00ab Je suis Manamba de la Guin\u00e9e\u00a0\u00bb -","isPartOf":{"@id":"https:\/\/gabegabe224.com\/#website"},"primaryImageOfPage":{"@id":"https:\/\/gabegabe224.com\/?p=189#primaryimage"},"image":{"@id":"https:\/\/gabegabe224.com\/?p=189#primaryimage"},"thumbnailUrl":"https:\/\/gabegabe224.com\/wp-content\/uploads\/2025\/03\/manamba-josey.png","datePublished":"2025-03-21T11:43:30+00:00","dateModified":"2025-03-21T12:10:57+00:00","author":{"@id":"https:\/\/gabegabe224.com\/#\/schema\/person\/8105b579cfbd3917935604f9bf7edd16"},"breadcrumb":{"@id":"https:\/\/gabegabe224.com\/?p=189#breadcrumb"},"inLanguage":"fr-FR","potentialAction":[{"@type":"ReadAction","target":["https:\/\/gabegabe224.com\/?p=189"]}]},{"@type":"ImageObject","inLanguage":"fr-FR","@id":"https:\/\/gabegabe224.com\/?p=189#primaryimage","url":"https:\/\/gabegabe224.com\/wp-content\/uploads\/2025\/03\/manamba-josey.png","contentUrl":"https:\/\/gabegabe224.com\/wp-content\/uploads\/2025\/03\/manamba-josey.png","width":1080,"height":682},{"@type":"BreadcrumbList","@id":"https:\/\/gabegabe224.com\/?p=189#breadcrumb","itemListElement":[{"@type":"ListItem","position":1,"name":"Home","item":"https:\/\/gabegabe224.com\/"},{"@type":"ListItem","position":2,"name":"Compar\u00e9e \u00e0 Josey, Manamba Kant\u00e9 revendique son identit\u00e9\u00a0: \u00ab Je suis Manamba de la Guin\u00e9e\u00a0\u00bb"}]},{"@type":"WebSite","@id":"https:\/\/gabegabe224.com\/#website","url":"https:\/\/gabegabe224.com\/","name":"","description":"L\u2019information au c\u0153ur du digital","potentialAction":[{"@type":"SearchAction","target":{"@type":"EntryPoint","urlTemplate":"https:\/\/gabegabe224.com\/?s={search_term_string}"},"query-input":{"@type":"PropertyValueSpecification","valueRequired":true,"valueName":"search_term_string"}}],"inLanguage":"fr-FR"},{"@type":"Person","@id":"https:\/\/gabegabe224.com\/#\/schema\/person\/8105b579cfbd3917935604f9bf7edd16","name":"Kabinet Conde","image":{"@type":"ImageObject","inLanguage":"fr-FR","@id":"https:\/\/secure.gravatar.com\/avatar\/32a081a85900638cf698d08343cf679773737b821606e5678df90c5747d5f080?s=96&d=mm&r=g","url":"https:\/\/secure.gravatar.com\/avatar\/32a081a85900638cf698d08343cf679773737b821606e5678df90c5747d5f080?s=96&d=mm&r=g","contentUrl":"https:\/\/secure.gravatar.com\/avatar\/32a081a85900638cf698d08343cf679773737b821606e5678df90c5747d5f080?s=96&d=mm&r=g","caption":"Kabinet Conde"},"sameAs":["https:\/\/www.facebook.com\/share\/1BNYrYA2g4\/?mibextid=wwXIfr","https:\/\/www.instagram.com\/kabisko_kabisko5?igsh=MXJzb3g3cXp1eGxiYQ&utm_source=qr"],"url":"https:\/\/gabegabe224.com\/?author=2"}]}},"_links":{"self":[{"href":"https:\/\/gabegabe224.com\/index.php?rest_route=\/wp\/v2\/posts\/189","targetHints":{"allow":["GET"]}}],"collection":[{"href":"https:\/\/gabegabe224.com\/index.php?rest_route=\/wp\/v2\/posts"}],"about":[{"href":"https:\/\/gabegabe224.com\/index.php?rest_route=\/wp\/v2\/types\/post"}],"author":[{"embeddable":true,"href":"https:\/\/gabegabe224.com\/index.php?rest_route=\/wp\/v2\/users\/2"}],"replies":[{"embeddable":true,"href":"https:\/\/gabegabe224.com\/index.php?rest_route=%2Fwp%2Fv2%2Fcomments&post=189"}],"version-history":[{"count":2,"href":"https:\/\/gabegabe224.com\/index.php?rest_route=\/wp\/v2\/posts\/189\/revisions"}],"predecessor-version":[{"id":193,"href":"https:\/\/gabegabe224.com\/index.php?rest_route=\/wp\/v2\/posts\/189\/revisions\/193"}],"wp:featuredmedia":[{"embeddable":true,"href":"https:\/\/gabegabe224.com\/index.php?rest_route=\/wp\/v2\/media\/192"}],"wp:attachment":[{"href":"https:\/\/gabegabe224.com\/index.php?rest_route=%2Fwp%2Fv2%2Fmedia&parent=189"}],"wp:term":[{"taxonomy":"category","embeddable":true,"href":"https:\/\/gabegabe224.com\/index.php?rest_route=%2Fwp%2Fv2%2Fcategories&post=189"},{"taxonomy":"post_tag","embeddable":true,"href":"https:\/\/gabegabe224.com\/index.php?rest_route=%2Fwp%2Fv2%2Ftags&post=189"}],"curies":[{"name":"wp","href":"https:\/\/api.w.org\/{rel}","templated":true}]}}