{"id":1928,"date":"2026-01-14T19:36:09","date_gmt":"2026-01-14T18:36:09","guid":{"rendered":"https:\/\/gabegabe224.com\/?p=1928"},"modified":"2026-01-14T19:36:19","modified_gmt":"2026-01-14T18:36:19","slug":"sira-conde-primee-au-festaaf-2026-la-guinee-a-lhonneur-a-niamey","status":"publish","type":"post","link":"https:\/\/gabegabe224.com\/?p=1928","title":{"rendered":"Sira Cond\u00e9 prim\u00e9e au FESTAAF 2026 : la Guin\u00e9e \u00e0 l\u2019honneur \u00e0 Niamey"},"content":{"rendered":"\n<p>L\u2019artiste guin\u00e9enne <strong>Sira Cond\u00e9 <\/strong>revient de Niamey, au Niger, o\u00f9 elle a pris part \u00e0 l\u2019\u00e9dition 2026 du Festival Africain des Arts et Traditions <strong>FESTAAF<\/strong>. Un rendez-vous culturel majeur au cours duquel la Guin\u00e9e a \u00e9t\u00e9 mise \u00e0 l\u2019honneur, notamment \u00e0 travers la distinction attribu\u00e9e \u00e0 l\u2019artiste.<\/p>\n\n\n\n<p>\u00c0 l\u2019issue du festival, Sira Cond\u00e9 a \u00e9t\u00e9 d\u00e9sign\u00e9e laur\u00e9ate dans la cat\u00e9gorie <strong>Ambassadrice des arts vivants<\/strong>, une reconnaissance qui salue son engagement artistique et sa contribution \u00e0 la valorisation des expressions culturelles guin\u00e9ennes sur la sc\u00e8ne africaine. Une distinction qu\u2019elle a tenu \u00e0 d\u00e9dier \u00e0 l\u2019ensemble du peuple guin\u00e9en.<\/p>\n\n\n\n<figure class=\"wp-block-image size-large\"><img  title=\"\" width=\"768\" height=\"1024\"   alt=\"616133235_1670195394379991_6049279537960351880_n-768x1024 Sira Cond\u00e9 prim\u00e9e au FESTAAF 2026 : la Guin\u00e9e \u00e0 l\u2019honneur \u00e0 Niamey\"  class=\"wp-image-1930 lws-optimize-lazyload\"\/ data-src=\"https:\/\/gabegabe224.com\/wp-content\/uploads\/2026\/01\/616133235_1670195394379991_6049279537960351880_n-768x1024.jpg\" srcset=\"https:\/\/gabegabe224.com\/wp-content\/uploads\/2026\/01\/616133235_1670195394379991_6049279537960351880_n-768x1024.jpg 768w, https:\/\/gabegabe224.com\/wp-content\/uploads\/2026\/01\/616133235_1670195394379991_6049279537960351880_n-225x300.jpg 225w, https:\/\/gabegabe224.com\/wp-content\/uploads\/2026\/01\/616133235_1670195394379991_6049279537960351880_n-1152x1536.jpg 1152w, https:\/\/gabegabe224.com\/wp-content\/uploads\/2026\/01\/616133235_1670195394379991_6049279537960351880_n.jpg 1536w\" sizes=\"(max-width: 768px) 100vw, 768px\" \/><\/figure>\n\n\n\n<p>Profitant de son s\u00e9jour \u00e0 Niamey, l\u2019artiste a \u00e9galement r\u00e9cup\u00e9r\u00e9 le troph\u00e9e des <strong>WAMMA Awards<\/strong>, qui lui avait \u00e9t\u00e9 attribu\u00e9 en 2021. \u00c0 l\u2019\u00e9poque, elle n\u2019avait pas pu effectuer le d\u00e9placement pour recevoir cette distinction, en raison des \u00e9v\u00e9nements survenus en Guin\u00e9e au mois de d\u00e9cembre de la m\u00eame ann\u00e9e.<\/p>\n\n\n\n<p>Concernant ce second troph\u00e9e, Sira Cond\u00e9 a souhait\u00e9 lui donner une port\u00e9e sociale particuli\u00e8re. Elle l\u2019a d\u00e9di\u00e9 aux femmes qui, au quotidien, luttent pour subvenir aux besoins de leurs familles malgr\u00e9 les difficult\u00e9s et les obstacles de la vie. Un message empreint de reconnaissance envers ces femmes dont l\u2019engagement reste souvent discret mais essentiel.<\/p>\n\n\n\n<p>Par cette double distinction, Sira Cond\u00e9 inscrit une nouvelle \u00e9tape dans son parcours artistique, tout en r\u00e9affirmant son attachement \u00e0 la Guin\u00e9e et aux valeurs humaines que porte son engagement culturel.<\/p>\n","protected":false},"excerpt":{"rendered":"<p>L\u2019artiste guin\u00e9enne Sira Cond\u00e9 revient de Niamey, au Niger, o\u00f9 elle a pris part \u00e0 l\u2019\u00e9dition 2026 du Festival Africain des Arts et Traditions FESTAAF. Un rendez-vous culturel majeur au cours duquel la Guin\u00e9e a \u00e9t\u00e9 mise \u00e0 l\u2019honneur, notamment \u00e0 travers la distinction attribu\u00e9e \u00e0 l\u2019artiste. \u00c0 l\u2019issue du festival, Sira Cond\u00e9 a \u00e9t\u00e9 [&hellip;]<\/p>\n","protected":false},"author":2,"featured_media":1929,"comment_status":"open","ping_status":"open","sticky":false,"template":"","format":"standard","meta":{"footnotes":""},"categories":[1,4],"tags":[],"class_list":["post-1928","post","type-post","status-publish","format-standard","has-post-thumbnail","hentry","category-accueil","category-culture"],"yoast_head":"<!-- This site is optimized with the Yoast SEO plugin v27.4 - https:\/\/yoast.com\/product\/yoast-seo-wordpress\/ -->\n<title>Sira Cond\u00e9 prim\u00e9e au FESTAAF 2026 : la Guin\u00e9e \u00e0 l\u2019honneur \u00e0 Niamey -<\/title>\n<meta name=\"robots\" content=\"index, follow, max-snippet:-1, max-image-preview:large, max-video-preview:-1\" \/>\n<link rel=\"canonical\" href=\"https:\/\/gabegabe224.com\/?p=1928\" \/>\n<meta property=\"og:locale\" content=\"fr_FR\" \/>\n<meta property=\"og:type\" content=\"article\" \/>\n<meta property=\"og:title\" content=\"Sira Cond\u00e9 prim\u00e9e au FESTAAF 2026 : la Guin\u00e9e \u00e0 l\u2019honneur \u00e0 Niamey -\" \/>\n<meta property=\"og:description\" content=\"L\u2019artiste guin\u00e9enne Sira Cond\u00e9 revient de Niamey, au Niger, o\u00f9 elle a pris part \u00e0 l\u2019\u00e9dition 2026 du Festival Africain des Arts et Traditions FESTAAF. Un rendez-vous culturel majeur au cours duquel la Guin\u00e9e a \u00e9t\u00e9 mise \u00e0 l\u2019honneur, notamment \u00e0 travers la distinction attribu\u00e9e \u00e0 l\u2019artiste. \u00c0 l\u2019issue du festival, Sira Cond\u00e9 a \u00e9t\u00e9 [&hellip;]\" \/>\n<meta property=\"og:url\" content=\"https:\/\/gabegabe224.com\/?p=1928\" \/>\n<meta property=\"article:author\" content=\"https:\/\/www.facebook.com\/share\/1BNYrYA2g4\/?mibextid=wwXIfr\" \/>\n<meta property=\"article:published_time\" content=\"2026-01-14T18:36:09+00:00\" \/>\n<meta property=\"article:modified_time\" content=\"2026-01-14T18:36:19+00:00\" \/>\n<meta property=\"og:image\" content=\"https:\/\/gabegabe224.com\/wp-content\/uploads\/2026\/01\/sira-cc.png\" \/>\n\t<meta property=\"og:image:width\" content=\"800\" \/>\n\t<meta property=\"og:image:height\" content=\"450\" \/>\n\t<meta property=\"og:image:type\" content=\"image\/png\" \/>\n<meta name=\"author\" content=\"Kabinet Conde\" \/>\n<meta name=\"twitter:card\" content=\"summary_large_image\" \/>\n<meta name=\"twitter:label1\" content=\"\u00c9crit par\" \/>\n\t<meta name=\"twitter:data1\" content=\"Kabinet Conde\" \/>\n\t<meta name=\"twitter:label2\" content=\"Dur\u00e9e de lecture estim\u00e9e\" \/>\n\t<meta name=\"twitter:data2\" content=\"2 minutes\" \/>\n<script type=\"application\/ld+json\" class=\"yoast-schema-graph\">{\"@context\":\"https:\\\/\\\/schema.org\",\"@graph\":[{\"@type\":\"Article\",\"@id\":\"https:\\\/\\\/gabegabe224.com\\\/?p=1928#article\",\"isPartOf\":{\"@id\":\"https:\\\/\\\/gabegabe224.com\\\/?p=1928\"},\"author\":{\"name\":\"Kabinet Conde\",\"@id\":\"https:\\\/\\\/gabegabe224.com\\\/#\\\/schema\\\/person\\\/8105b579cfbd3917935604f9bf7edd16\"},\"headline\":\"Sira Cond\u00e9 prim\u00e9e au FESTAAF 2026 : la Guin\u00e9e \u00e0 l\u2019honneur \u00e0 Niamey\",\"datePublished\":\"2026-01-14T18:36:09+00:00\",\"dateModified\":\"2026-01-14T18:36:19+00:00\",\"mainEntityOfPage\":{\"@id\":\"https:\\\/\\\/gabegabe224.com\\\/?p=1928\"},\"wordCount\":271,\"commentCount\":0,\"image\":{\"@id\":\"https:\\\/\\\/gabegabe224.com\\\/?p=1928#primaryimage\"},\"thumbnailUrl\":\"https:\\\/\\\/gabegabe224.com\\\/wp-content\\\/uploads\\\/2026\\\/01\\\/sira-cc.png\",\"articleSection\":[\"Accueil\",\"Culture\"],\"inLanguage\":\"fr-FR\",\"potentialAction\":[{\"@type\":\"CommentAction\",\"name\":\"Comment\",\"target\":[\"https:\\\/\\\/gabegabe224.com\\\/?p=1928#respond\"]}]},{\"@type\":\"WebPage\",\"@id\":\"https:\\\/\\\/gabegabe224.com\\\/?p=1928\",\"url\":\"https:\\\/\\\/gabegabe224.com\\\/?p=1928\",\"name\":\"Sira Cond\u00e9 prim\u00e9e au FESTAAF 2026 : la Guin\u00e9e \u00e0 l\u2019honneur \u00e0 Niamey -\",\"isPartOf\":{\"@id\":\"https:\\\/\\\/gabegabe224.com\\\/#website\"},\"primaryImageOfPage\":{\"@id\":\"https:\\\/\\\/gabegabe224.com\\\/?p=1928#primaryimage\"},\"image\":{\"@id\":\"https:\\\/\\\/gabegabe224.com\\\/?p=1928#primaryimage\"},\"thumbnailUrl\":\"https:\\\/\\\/gabegabe224.com\\\/wp-content\\\/uploads\\\/2026\\\/01\\\/sira-cc.png\",\"datePublished\":\"2026-01-14T18:36:09+00:00\",\"dateModified\":\"2026-01-14T18:36:19+00:00\",\"author\":{\"@id\":\"https:\\\/\\\/gabegabe224.com\\\/#\\\/schema\\\/person\\\/8105b579cfbd3917935604f9bf7edd16\"},\"breadcrumb\":{\"@id\":\"https:\\\/\\\/gabegabe224.com\\\/?p=1928#breadcrumb\"},\"inLanguage\":\"fr-FR\",\"potentialAction\":[{\"@type\":\"ReadAction\",\"target\":[\"https:\\\/\\\/gabegabe224.com\\\/?p=1928\"]}]},{\"@type\":\"ImageObject\",\"inLanguage\":\"fr-FR\",\"@id\":\"https:\\\/\\\/gabegabe224.com\\\/?p=1928#primaryimage\",\"url\":\"https:\\\/\\\/gabegabe224.com\\\/wp-content\\\/uploads\\\/2026\\\/01\\\/sira-cc.png\",\"contentUrl\":\"https:\\\/\\\/gabegabe224.com\\\/wp-content\\\/uploads\\\/2026\\\/01\\\/sira-cc.png\",\"width\":800,\"height\":450},{\"@type\":\"BreadcrumbList\",\"@id\":\"https:\\\/\\\/gabegabe224.com\\\/?p=1928#breadcrumb\",\"itemListElement\":[{\"@type\":\"ListItem\",\"position\":1,\"name\":\"Home\",\"item\":\"https:\\\/\\\/gabegabe224.com\\\/\"},{\"@type\":\"ListItem\",\"position\":2,\"name\":\"Sira Cond\u00e9 prim\u00e9e au FESTAAF 2026 : la Guin\u00e9e \u00e0 l\u2019honneur \u00e0 Niamey\"}]},{\"@type\":\"WebSite\",\"@id\":\"https:\\\/\\\/gabegabe224.com\\\/#website\",\"url\":\"https:\\\/\\\/gabegabe224.com\\\/\",\"name\":\"\",\"description\":\"L\u2019information au c\u0153ur du digital\",\"potentialAction\":[{\"@type\":\"SearchAction\",\"target\":{\"@type\":\"EntryPoint\",\"urlTemplate\":\"https:\\\/\\\/gabegabe224.com\\\/?s={search_term_string}\"},\"query-input\":{\"@type\":\"PropertyValueSpecification\",\"valueRequired\":true,\"valueName\":\"search_term_string\"}}],\"inLanguage\":\"fr-FR\"},{\"@type\":\"Person\",\"@id\":\"https:\\\/\\\/gabegabe224.com\\\/#\\\/schema\\\/person\\\/8105b579cfbd3917935604f9bf7edd16\",\"name\":\"Kabinet Conde\",\"image\":{\"@type\":\"ImageObject\",\"inLanguage\":\"fr-FR\",\"@id\":\"https:\\\/\\\/secure.gravatar.com\\\/avatar\\\/32a081a85900638cf698d08343cf679773737b821606e5678df90c5747d5f080?s=96&d=mm&r=g\",\"url\":\"https:\\\/\\\/secure.gravatar.com\\\/avatar\\\/32a081a85900638cf698d08343cf679773737b821606e5678df90c5747d5f080?s=96&d=mm&r=g\",\"contentUrl\":\"https:\\\/\\\/secure.gravatar.com\\\/avatar\\\/32a081a85900638cf698d08343cf679773737b821606e5678df90c5747d5f080?s=96&d=mm&r=g\",\"caption\":\"Kabinet Conde\"},\"sameAs\":[\"https:\\\/\\\/www.facebook.com\\\/share\\\/1BNYrYA2g4\\\/?mibextid=wwXIfr\",\"https:\\\/\\\/www.instagram.com\\\/kabisko_kabisko5?igsh=MXJzb3g3cXp1eGxiYQ&utm_source=qr\"],\"url\":\"https:\\\/\\\/gabegabe224.com\\\/?author=2\"}]}<\/script>\n<!-- \/ Yoast SEO plugin. -->","yoast_head_json":{"title":"Sira Cond\u00e9 prim\u00e9e au FESTAAF 2026 : la Guin\u00e9e \u00e0 l\u2019honneur \u00e0 Niamey -","robots":{"index":"index","follow":"follow","max-snippet":"max-snippet:-1","max-image-preview":"max-image-preview:large","max-video-preview":"max-video-preview:-1"},"canonical":"https:\/\/gabegabe224.com\/?p=1928","og_locale":"fr_FR","og_type":"article","og_title":"Sira Cond\u00e9 prim\u00e9e au FESTAAF 2026 : la Guin\u00e9e \u00e0 l\u2019honneur \u00e0 Niamey -","og_description":"L\u2019artiste guin\u00e9enne Sira Cond\u00e9 revient de Niamey, au Niger, o\u00f9 elle a pris part \u00e0 l\u2019\u00e9dition 2026 du Festival Africain des Arts et Traditions FESTAAF. Un rendez-vous culturel majeur au cours duquel la Guin\u00e9e a \u00e9t\u00e9 mise \u00e0 l\u2019honneur, notamment \u00e0 travers la distinction attribu\u00e9e \u00e0 l\u2019artiste. \u00c0 l\u2019issue du festival, Sira Cond\u00e9 a \u00e9t\u00e9 [&hellip;]","og_url":"https:\/\/gabegabe224.com\/?p=1928","article_author":"https:\/\/www.facebook.com\/share\/1BNYrYA2g4\/?mibextid=wwXIfr","article_published_time":"2026-01-14T18:36:09+00:00","article_modified_time":"2026-01-14T18:36:19+00:00","og_image":[{"width":800,"height":450,"url":"https:\/\/gabegabe224.com\/wp-content\/uploads\/2026\/01\/sira-cc.png","type":"image\/png"}],"author":"Kabinet Conde","twitter_card":"summary_large_image","twitter_misc":{"\u00c9crit par":"Kabinet Conde","Dur\u00e9e de lecture estim\u00e9e":"2 minutes"},"schema":{"@context":"https:\/\/schema.org","@graph":[{"@type":"Article","@id":"https:\/\/gabegabe224.com\/?p=1928#article","isPartOf":{"@id":"https:\/\/gabegabe224.com\/?p=1928"},"author":{"name":"Kabinet Conde","@id":"https:\/\/gabegabe224.com\/#\/schema\/person\/8105b579cfbd3917935604f9bf7edd16"},"headline":"Sira Cond\u00e9 prim\u00e9e au FESTAAF 2026 : la Guin\u00e9e \u00e0 l\u2019honneur \u00e0 Niamey","datePublished":"2026-01-14T18:36:09+00:00","dateModified":"2026-01-14T18:36:19+00:00","mainEntityOfPage":{"@id":"https:\/\/gabegabe224.com\/?p=1928"},"wordCount":271,"commentCount":0,"image":{"@id":"https:\/\/gabegabe224.com\/?p=1928#primaryimage"},"thumbnailUrl":"https:\/\/gabegabe224.com\/wp-content\/uploads\/2026\/01\/sira-cc.png","articleSection":["Accueil","Culture"],"inLanguage":"fr-FR","potentialAction":[{"@type":"CommentAction","name":"Comment","target":["https:\/\/gabegabe224.com\/?p=1928#respond"]}]},{"@type":"WebPage","@id":"https:\/\/gabegabe224.com\/?p=1928","url":"https:\/\/gabegabe224.com\/?p=1928","name":"Sira Cond\u00e9 prim\u00e9e au FESTAAF 2026 : la Guin\u00e9e \u00e0 l\u2019honneur \u00e0 Niamey -","isPartOf":{"@id":"https:\/\/gabegabe224.com\/#website"},"primaryImageOfPage":{"@id":"https:\/\/gabegabe224.com\/?p=1928#primaryimage"},"image":{"@id":"https:\/\/gabegabe224.com\/?p=1928#primaryimage"},"thumbnailUrl":"https:\/\/gabegabe224.com\/wp-content\/uploads\/2026\/01\/sira-cc.png","datePublished":"2026-01-14T18:36:09+00:00","dateModified":"2026-01-14T18:36:19+00:00","author":{"@id":"https:\/\/gabegabe224.com\/#\/schema\/person\/8105b579cfbd3917935604f9bf7edd16"},"breadcrumb":{"@id":"https:\/\/gabegabe224.com\/?p=1928#breadcrumb"},"inLanguage":"fr-FR","potentialAction":[{"@type":"ReadAction","target":["https:\/\/gabegabe224.com\/?p=1928"]}]},{"@type":"ImageObject","inLanguage":"fr-FR","@id":"https:\/\/gabegabe224.com\/?p=1928#primaryimage","url":"https:\/\/gabegabe224.com\/wp-content\/uploads\/2026\/01\/sira-cc.png","contentUrl":"https:\/\/gabegabe224.com\/wp-content\/uploads\/2026\/01\/sira-cc.png","width":800,"height":450},{"@type":"BreadcrumbList","@id":"https:\/\/gabegabe224.com\/?p=1928#breadcrumb","itemListElement":[{"@type":"ListItem","position":1,"name":"Home","item":"https:\/\/gabegabe224.com\/"},{"@type":"ListItem","position":2,"name":"Sira Cond\u00e9 prim\u00e9e au FESTAAF 2026 : la Guin\u00e9e \u00e0 l\u2019honneur \u00e0 Niamey"}]},{"@type":"WebSite","@id":"https:\/\/gabegabe224.com\/#website","url":"https:\/\/gabegabe224.com\/","name":"","description":"L\u2019information au c\u0153ur du digital","potentialAction":[{"@type":"SearchAction","target":{"@type":"EntryPoint","urlTemplate":"https:\/\/gabegabe224.com\/?s={search_term_string}"},"query-input":{"@type":"PropertyValueSpecification","valueRequired":true,"valueName":"search_term_string"}}],"inLanguage":"fr-FR"},{"@type":"Person","@id":"https:\/\/gabegabe224.com\/#\/schema\/person\/8105b579cfbd3917935604f9bf7edd16","name":"Kabinet Conde","image":{"@type":"ImageObject","inLanguage":"fr-FR","@id":"https:\/\/secure.gravatar.com\/avatar\/32a081a85900638cf698d08343cf679773737b821606e5678df90c5747d5f080?s=96&d=mm&r=g","url":"https:\/\/secure.gravatar.com\/avatar\/32a081a85900638cf698d08343cf679773737b821606e5678df90c5747d5f080?s=96&d=mm&r=g","contentUrl":"https:\/\/secure.gravatar.com\/avatar\/32a081a85900638cf698d08343cf679773737b821606e5678df90c5747d5f080?s=96&d=mm&r=g","caption":"Kabinet Conde"},"sameAs":["https:\/\/www.facebook.com\/share\/1BNYrYA2g4\/?mibextid=wwXIfr","https:\/\/www.instagram.com\/kabisko_kabisko5?igsh=MXJzb3g3cXp1eGxiYQ&utm_source=qr"],"url":"https:\/\/gabegabe224.com\/?author=2"}]}},"_links":{"self":[{"href":"https:\/\/gabegabe224.com\/index.php?rest_route=\/wp\/v2\/posts\/1928","targetHints":{"allow":["GET"]}}],"collection":[{"href":"https:\/\/gabegabe224.com\/index.php?rest_route=\/wp\/v2\/posts"}],"about":[{"href":"https:\/\/gabegabe224.com\/index.php?rest_route=\/wp\/v2\/types\/post"}],"author":[{"embeddable":true,"href":"https:\/\/gabegabe224.com\/index.php?rest_route=\/wp\/v2\/users\/2"}],"replies":[{"embeddable":true,"href":"https:\/\/gabegabe224.com\/index.php?rest_route=%2Fwp%2Fv2%2Fcomments&post=1928"}],"version-history":[{"count":1,"href":"https:\/\/gabegabe224.com\/index.php?rest_route=\/wp\/v2\/posts\/1928\/revisions"}],"predecessor-version":[{"id":1931,"href":"https:\/\/gabegabe224.com\/index.php?rest_route=\/wp\/v2\/posts\/1928\/revisions\/1931"}],"wp:featuredmedia":[{"embeddable":true,"href":"https:\/\/gabegabe224.com\/index.php?rest_route=\/wp\/v2\/media\/1929"}],"wp:attachment":[{"href":"https:\/\/gabegabe224.com\/index.php?rest_route=%2Fwp%2Fv2%2Fmedia&parent=1928"}],"wp:term":[{"taxonomy":"category","embeddable":true,"href":"https:\/\/gabegabe224.com\/index.php?rest_route=%2Fwp%2Fv2%2Fcategories&post=1928"},{"taxonomy":"post_tag","embeddable":true,"href":"https:\/\/gabegabe224.com\/index.php?rest_route=%2Fwp%2Fv2%2Ftags&post=1928"}],"curies":[{"name":"wp","href":"https:\/\/api.w.org\/{rel}","templated":true}]}}