{"id":1959,"date":"2026-01-23T22:19:22","date_gmt":"2026-01-23T21:19:22","guid":{"rendered":"https:\/\/gabegabe224.com\/?p=1959"},"modified":"2026-01-23T22:19:24","modified_gmt":"2026-01-23T21:19:24","slug":"apres-la-demission-du-gouvernement-moussa-moise-sylla-salue-la-confiance-du-chef-de-letat","status":"publish","type":"post","link":"https:\/\/gabegabe224.com\/?p=1959","title":{"rendered":"Apr\u00e8s la d\u00e9mission du gouvernement, Moussa Mo\u00efse Sylla salue la confiance du chef de l\u2019\u00c9tat"},"content":{"rendered":"\n<p>\u00c0 la suite de la d\u00e9mission du gouvernement dirig\u00e9 par le Premier ministre <strong>Bah Oury<\/strong>, intervenue apr\u00e8s l\u2019\u00e9lection pr\u00e9sidentielle, l\u2019ancien ministre de la Culture et de l\u2019Artisanat, <strong>Moussa Mo\u00efse Sylla<\/strong>, a rendu public un message marqu\u00e9 par la reconnaissance et la fid\u00e9lit\u00e9 aux institutions.<\/p>\n\n\n\n<p>Dans cette d\u00e9claration, <strong>Moussa Mo\u00efse Sylla<\/strong> exprime sa gratitude au Pr\u00e9sident de la R\u00e9publique, le g\u00e9n\u00e9ral Mamadi Doumbouya, pour la confiance plac\u00e9e en lui depuis le 5 septembre 2021. Il souligne l\u2019honneur d\u2019avoir particip\u00e9 \u00e0 l\u2019action gouvernementale conduite sous son autorit\u00e9, notamment dans les domaines li\u00e9s \u00e0 la culture, au patrimoine national et \u00e0 la promotion des cr\u00e9ateurs guin\u00e9ens.<\/p>\n\n\n\n<p>L\u2019ancien ministre rappelle l\u2019importance du r\u00f4le jou\u00e9 par le d\u00e9partement de la Culture et de l\u2019Artisanat durant cette p\u00e9riode, insistant sur les efforts consentis pour renforcer l\u2019identit\u00e9 culturelle du pays et soutenir le monde artistique. Il renouvelle par ailleurs son attachement aux principes r\u00e9publicains et adresse ses v\u0153ux de r\u00e9ussite au Chef de l\u2019\u00c9tat dans la poursuite de sa mission \u00e0 la t\u00eate du pays.<\/p>\n\n\n\n<p>Moussa Mo\u00efse Sylla n\u2019a pas manqu\u00e9 de saluer le travail des cadres du minist\u00e8re ainsi que l\u2019engagement des acteurs culturels guin\u00e9ens, qu\u2019il remercie pour leur contribution au rayonnement national.<\/p>\n\n\n\n<p>Ce message intervient dans un contexte de transition politique, alors que s\u2019ouvre une nouvelle \u00e9tape institutionnelle \u00e0 la suite du scrutin pr\u00e9sidentiel en Guin\u00e9e.<\/p>\n","protected":false},"excerpt":{"rendered":"<p>\u00c0 la suite de la d\u00e9mission du gouvernement dirig\u00e9 par le Premier ministre Bah Oury, intervenue apr\u00e8s l\u2019\u00e9lection pr\u00e9sidentielle, l\u2019ancien ministre de la Culture et de l\u2019Artisanat, Moussa Mo\u00efse Sylla, a rendu public un message marqu\u00e9 par la reconnaissance et la fid\u00e9lit\u00e9 aux institutions. Dans cette d\u00e9claration, Moussa Mo\u00efse Sylla exprime sa gratitude au Pr\u00e9sident [&hellip;]<\/p>\n","protected":false},"author":2,"featured_media":1960,"comment_status":"open","ping_status":"open","sticky":false,"template":"","format":"standard","meta":{"footnotes":""},"categories":[1,4],"tags":[],"class_list":["post-1959","post","type-post","status-publish","format-standard","has-post-thumbnail","hentry","category-accueil","category-culture"],"yoast_head":"<!-- This site is optimized with the Yoast SEO plugin v27.4 - https:\/\/yoast.com\/product\/yoast-seo-wordpress\/ -->\n<title>Apr\u00e8s la d\u00e9mission du gouvernement, Moussa Mo\u00efse Sylla salue la confiance du chef de l\u2019\u00c9tat -<\/title>\n<meta name=\"robots\" content=\"index, follow, max-snippet:-1, max-image-preview:large, max-video-preview:-1\" \/>\n<link rel=\"canonical\" href=\"https:\/\/gabegabe224.com\/?p=1959\" \/>\n<meta property=\"og:locale\" content=\"fr_FR\" \/>\n<meta property=\"og:type\" content=\"article\" \/>\n<meta property=\"og:title\" content=\"Apr\u00e8s la d\u00e9mission du gouvernement, Moussa Mo\u00efse Sylla salue la confiance du chef de l\u2019\u00c9tat -\" \/>\n<meta property=\"og:description\" content=\"\u00c0 la suite de la d\u00e9mission du gouvernement dirig\u00e9 par le Premier ministre Bah Oury, intervenue apr\u00e8s l\u2019\u00e9lection pr\u00e9sidentielle, l\u2019ancien ministre de la Culture et de l\u2019Artisanat, Moussa Mo\u00efse Sylla, a rendu public un message marqu\u00e9 par la reconnaissance et la fid\u00e9lit\u00e9 aux institutions. Dans cette d\u00e9claration, Moussa Mo\u00efse Sylla exprime sa gratitude au Pr\u00e9sident [&hellip;]\" \/>\n<meta property=\"og:url\" content=\"https:\/\/gabegabe224.com\/?p=1959\" \/>\n<meta property=\"article:author\" content=\"https:\/\/www.facebook.com\/share\/1BNYrYA2g4\/?mibextid=wwXIfr\" \/>\n<meta property=\"article:published_time\" content=\"2026-01-23T21:19:22+00:00\" \/>\n<meta property=\"article:modified_time\" content=\"2026-01-23T21:19:24+00:00\" \/>\n<meta property=\"og:image\" content=\"https:\/\/gabegabe224.com\/wp-content\/uploads\/2026\/01\/syl.png\" \/>\n\t<meta property=\"og:image:width\" content=\"800\" \/>\n\t<meta property=\"og:image:height\" content=\"450\" \/>\n\t<meta property=\"og:image:type\" content=\"image\/png\" \/>\n<meta name=\"author\" content=\"Kabinet Conde\" \/>\n<meta name=\"twitter:card\" content=\"summary_large_image\" \/>\n<meta name=\"twitter:label1\" content=\"\u00c9crit par\" \/>\n\t<meta name=\"twitter:data1\" content=\"Kabinet Conde\" \/>\n\t<meta name=\"twitter:label2\" content=\"Dur\u00e9e de lecture estim\u00e9e\" \/>\n\t<meta name=\"twitter:data2\" content=\"2 minutes\" \/>\n<script type=\"application\/ld+json\" class=\"yoast-schema-graph\">{\"@context\":\"https:\\\/\\\/schema.org\",\"@graph\":[{\"@type\":\"Article\",\"@id\":\"https:\\\/\\\/gabegabe224.com\\\/?p=1959#article\",\"isPartOf\":{\"@id\":\"https:\\\/\\\/gabegabe224.com\\\/?p=1959\"},\"author\":{\"name\":\"Kabinet Conde\",\"@id\":\"https:\\\/\\\/gabegabe224.com\\\/#\\\/schema\\\/person\\\/8105b579cfbd3917935604f9bf7edd16\"},\"headline\":\"Apr\u00e8s la d\u00e9mission du gouvernement, Moussa Mo\u00efse Sylla salue la confiance du chef de l\u2019\u00c9tat\",\"datePublished\":\"2026-01-23T21:19:22+00:00\",\"dateModified\":\"2026-01-23T21:19:24+00:00\",\"mainEntityOfPage\":{\"@id\":\"https:\\\/\\\/gabegabe224.com\\\/?p=1959\"},\"wordCount\":274,\"commentCount\":0,\"image\":{\"@id\":\"https:\\\/\\\/gabegabe224.com\\\/?p=1959#primaryimage\"},\"thumbnailUrl\":\"https:\\\/\\\/gabegabe224.com\\\/wp-content\\\/uploads\\\/2026\\\/01\\\/syl.png\",\"articleSection\":[\"Accueil\",\"Culture\"],\"inLanguage\":\"fr-FR\",\"potentialAction\":[{\"@type\":\"CommentAction\",\"name\":\"Comment\",\"target\":[\"https:\\\/\\\/gabegabe224.com\\\/?p=1959#respond\"]}]},{\"@type\":\"WebPage\",\"@id\":\"https:\\\/\\\/gabegabe224.com\\\/?p=1959\",\"url\":\"https:\\\/\\\/gabegabe224.com\\\/?p=1959\",\"name\":\"Apr\u00e8s la d\u00e9mission du gouvernement, Moussa Mo\u00efse Sylla salue la confiance du chef de l\u2019\u00c9tat -\",\"isPartOf\":{\"@id\":\"https:\\\/\\\/gabegabe224.com\\\/#website\"},\"primaryImageOfPage\":{\"@id\":\"https:\\\/\\\/gabegabe224.com\\\/?p=1959#primaryimage\"},\"image\":{\"@id\":\"https:\\\/\\\/gabegabe224.com\\\/?p=1959#primaryimage\"},\"thumbnailUrl\":\"https:\\\/\\\/gabegabe224.com\\\/wp-content\\\/uploads\\\/2026\\\/01\\\/syl.png\",\"datePublished\":\"2026-01-23T21:19:22+00:00\",\"dateModified\":\"2026-01-23T21:19:24+00:00\",\"author\":{\"@id\":\"https:\\\/\\\/gabegabe224.com\\\/#\\\/schema\\\/person\\\/8105b579cfbd3917935604f9bf7edd16\"},\"breadcrumb\":{\"@id\":\"https:\\\/\\\/gabegabe224.com\\\/?p=1959#breadcrumb\"},\"inLanguage\":\"fr-FR\",\"potentialAction\":[{\"@type\":\"ReadAction\",\"target\":[\"https:\\\/\\\/gabegabe224.com\\\/?p=1959\"]}]},{\"@type\":\"ImageObject\",\"inLanguage\":\"fr-FR\",\"@id\":\"https:\\\/\\\/gabegabe224.com\\\/?p=1959#primaryimage\",\"url\":\"https:\\\/\\\/gabegabe224.com\\\/wp-content\\\/uploads\\\/2026\\\/01\\\/syl.png\",\"contentUrl\":\"https:\\\/\\\/gabegabe224.com\\\/wp-content\\\/uploads\\\/2026\\\/01\\\/syl.png\",\"width\":800,\"height\":450},{\"@type\":\"BreadcrumbList\",\"@id\":\"https:\\\/\\\/gabegabe224.com\\\/?p=1959#breadcrumb\",\"itemListElement\":[{\"@type\":\"ListItem\",\"position\":1,\"name\":\"Home\",\"item\":\"https:\\\/\\\/gabegabe224.com\\\/\"},{\"@type\":\"ListItem\",\"position\":2,\"name\":\"Apr\u00e8s la d\u00e9mission du gouvernement, Moussa Mo\u00efse Sylla salue la confiance du chef de l\u2019\u00c9tat\"}]},{\"@type\":\"WebSite\",\"@id\":\"https:\\\/\\\/gabegabe224.com\\\/#website\",\"url\":\"https:\\\/\\\/gabegabe224.com\\\/\",\"name\":\"\",\"description\":\"L\u2019information au c\u0153ur du digital\",\"potentialAction\":[{\"@type\":\"SearchAction\",\"target\":{\"@type\":\"EntryPoint\",\"urlTemplate\":\"https:\\\/\\\/gabegabe224.com\\\/?s={search_term_string}\"},\"query-input\":{\"@type\":\"PropertyValueSpecification\",\"valueRequired\":true,\"valueName\":\"search_term_string\"}}],\"inLanguage\":\"fr-FR\"},{\"@type\":\"Person\",\"@id\":\"https:\\\/\\\/gabegabe224.com\\\/#\\\/schema\\\/person\\\/8105b579cfbd3917935604f9bf7edd16\",\"name\":\"Kabinet Conde\",\"image\":{\"@type\":\"ImageObject\",\"inLanguage\":\"fr-FR\",\"@id\":\"https:\\\/\\\/secure.gravatar.com\\\/avatar\\\/32a081a85900638cf698d08343cf679773737b821606e5678df90c5747d5f080?s=96&d=mm&r=g\",\"url\":\"https:\\\/\\\/secure.gravatar.com\\\/avatar\\\/32a081a85900638cf698d08343cf679773737b821606e5678df90c5747d5f080?s=96&d=mm&r=g\",\"contentUrl\":\"https:\\\/\\\/secure.gravatar.com\\\/avatar\\\/32a081a85900638cf698d08343cf679773737b821606e5678df90c5747d5f080?s=96&d=mm&r=g\",\"caption\":\"Kabinet Conde\"},\"sameAs\":[\"https:\\\/\\\/www.facebook.com\\\/share\\\/1BNYrYA2g4\\\/?mibextid=wwXIfr\",\"https:\\\/\\\/www.instagram.com\\\/kabisko_kabisko5?igsh=MXJzb3g3cXp1eGxiYQ&utm_source=qr\"],\"url\":\"https:\\\/\\\/gabegabe224.com\\\/?author=2\"}]}<\/script>\n<!-- \/ Yoast SEO plugin. -->","yoast_head_json":{"title":"Apr\u00e8s la d\u00e9mission du gouvernement, Moussa Mo\u00efse Sylla salue la confiance du chef de l\u2019\u00c9tat -","robots":{"index":"index","follow":"follow","max-snippet":"max-snippet:-1","max-image-preview":"max-image-preview:large","max-video-preview":"max-video-preview:-1"},"canonical":"https:\/\/gabegabe224.com\/?p=1959","og_locale":"fr_FR","og_type":"article","og_title":"Apr\u00e8s la d\u00e9mission du gouvernement, Moussa Mo\u00efse Sylla salue la confiance du chef de l\u2019\u00c9tat -","og_description":"\u00c0 la suite de la d\u00e9mission du gouvernement dirig\u00e9 par le Premier ministre Bah Oury, intervenue apr\u00e8s l\u2019\u00e9lection pr\u00e9sidentielle, l\u2019ancien ministre de la Culture et de l\u2019Artisanat, Moussa Mo\u00efse Sylla, a rendu public un message marqu\u00e9 par la reconnaissance et la fid\u00e9lit\u00e9 aux institutions. Dans cette d\u00e9claration, Moussa Mo\u00efse Sylla exprime sa gratitude au Pr\u00e9sident [&hellip;]","og_url":"https:\/\/gabegabe224.com\/?p=1959","article_author":"https:\/\/www.facebook.com\/share\/1BNYrYA2g4\/?mibextid=wwXIfr","article_published_time":"2026-01-23T21:19:22+00:00","article_modified_time":"2026-01-23T21:19:24+00:00","og_image":[{"width":800,"height":450,"url":"https:\/\/gabegabe224.com\/wp-content\/uploads\/2026\/01\/syl.png","type":"image\/png"}],"author":"Kabinet Conde","twitter_card":"summary_large_image","twitter_misc":{"\u00c9crit par":"Kabinet Conde","Dur\u00e9e de lecture estim\u00e9e":"2 minutes"},"schema":{"@context":"https:\/\/schema.org","@graph":[{"@type":"Article","@id":"https:\/\/gabegabe224.com\/?p=1959#article","isPartOf":{"@id":"https:\/\/gabegabe224.com\/?p=1959"},"author":{"name":"Kabinet Conde","@id":"https:\/\/gabegabe224.com\/#\/schema\/person\/8105b579cfbd3917935604f9bf7edd16"},"headline":"Apr\u00e8s la d\u00e9mission du gouvernement, Moussa Mo\u00efse Sylla salue la confiance du chef de l\u2019\u00c9tat","datePublished":"2026-01-23T21:19:22+00:00","dateModified":"2026-01-23T21:19:24+00:00","mainEntityOfPage":{"@id":"https:\/\/gabegabe224.com\/?p=1959"},"wordCount":274,"commentCount":0,"image":{"@id":"https:\/\/gabegabe224.com\/?p=1959#primaryimage"},"thumbnailUrl":"https:\/\/gabegabe224.com\/wp-content\/uploads\/2026\/01\/syl.png","articleSection":["Accueil","Culture"],"inLanguage":"fr-FR","potentialAction":[{"@type":"CommentAction","name":"Comment","target":["https:\/\/gabegabe224.com\/?p=1959#respond"]}]},{"@type":"WebPage","@id":"https:\/\/gabegabe224.com\/?p=1959","url":"https:\/\/gabegabe224.com\/?p=1959","name":"Apr\u00e8s la d\u00e9mission du gouvernement, Moussa Mo\u00efse Sylla salue la confiance du chef de l\u2019\u00c9tat -","isPartOf":{"@id":"https:\/\/gabegabe224.com\/#website"},"primaryImageOfPage":{"@id":"https:\/\/gabegabe224.com\/?p=1959#primaryimage"},"image":{"@id":"https:\/\/gabegabe224.com\/?p=1959#primaryimage"},"thumbnailUrl":"https:\/\/gabegabe224.com\/wp-content\/uploads\/2026\/01\/syl.png","datePublished":"2026-01-23T21:19:22+00:00","dateModified":"2026-01-23T21:19:24+00:00","author":{"@id":"https:\/\/gabegabe224.com\/#\/schema\/person\/8105b579cfbd3917935604f9bf7edd16"},"breadcrumb":{"@id":"https:\/\/gabegabe224.com\/?p=1959#breadcrumb"},"inLanguage":"fr-FR","potentialAction":[{"@type":"ReadAction","target":["https:\/\/gabegabe224.com\/?p=1959"]}]},{"@type":"ImageObject","inLanguage":"fr-FR","@id":"https:\/\/gabegabe224.com\/?p=1959#primaryimage","url":"https:\/\/gabegabe224.com\/wp-content\/uploads\/2026\/01\/syl.png","contentUrl":"https:\/\/gabegabe224.com\/wp-content\/uploads\/2026\/01\/syl.png","width":800,"height":450},{"@type":"BreadcrumbList","@id":"https:\/\/gabegabe224.com\/?p=1959#breadcrumb","itemListElement":[{"@type":"ListItem","position":1,"name":"Home","item":"https:\/\/gabegabe224.com\/"},{"@type":"ListItem","position":2,"name":"Apr\u00e8s la d\u00e9mission du gouvernement, Moussa Mo\u00efse Sylla salue la confiance du chef de l\u2019\u00c9tat"}]},{"@type":"WebSite","@id":"https:\/\/gabegabe224.com\/#website","url":"https:\/\/gabegabe224.com\/","name":"","description":"L\u2019information au c\u0153ur du digital","potentialAction":[{"@type":"SearchAction","target":{"@type":"EntryPoint","urlTemplate":"https:\/\/gabegabe224.com\/?s={search_term_string}"},"query-input":{"@type":"PropertyValueSpecification","valueRequired":true,"valueName":"search_term_string"}}],"inLanguage":"fr-FR"},{"@type":"Person","@id":"https:\/\/gabegabe224.com\/#\/schema\/person\/8105b579cfbd3917935604f9bf7edd16","name":"Kabinet Conde","image":{"@type":"ImageObject","inLanguage":"fr-FR","@id":"https:\/\/secure.gravatar.com\/avatar\/32a081a85900638cf698d08343cf679773737b821606e5678df90c5747d5f080?s=96&d=mm&r=g","url":"https:\/\/secure.gravatar.com\/avatar\/32a081a85900638cf698d08343cf679773737b821606e5678df90c5747d5f080?s=96&d=mm&r=g","contentUrl":"https:\/\/secure.gravatar.com\/avatar\/32a081a85900638cf698d08343cf679773737b821606e5678df90c5747d5f080?s=96&d=mm&r=g","caption":"Kabinet Conde"},"sameAs":["https:\/\/www.facebook.com\/share\/1BNYrYA2g4\/?mibextid=wwXIfr","https:\/\/www.instagram.com\/kabisko_kabisko5?igsh=MXJzb3g3cXp1eGxiYQ&utm_source=qr"],"url":"https:\/\/gabegabe224.com\/?author=2"}]}},"_links":{"self":[{"href":"https:\/\/gabegabe224.com\/index.php?rest_route=\/wp\/v2\/posts\/1959","targetHints":{"allow":["GET"]}}],"collection":[{"href":"https:\/\/gabegabe224.com\/index.php?rest_route=\/wp\/v2\/posts"}],"about":[{"href":"https:\/\/gabegabe224.com\/index.php?rest_route=\/wp\/v2\/types\/post"}],"author":[{"embeddable":true,"href":"https:\/\/gabegabe224.com\/index.php?rest_route=\/wp\/v2\/users\/2"}],"replies":[{"embeddable":true,"href":"https:\/\/gabegabe224.com\/index.php?rest_route=%2Fwp%2Fv2%2Fcomments&post=1959"}],"version-history":[{"count":1,"href":"https:\/\/gabegabe224.com\/index.php?rest_route=\/wp\/v2\/posts\/1959\/revisions"}],"predecessor-version":[{"id":1961,"href":"https:\/\/gabegabe224.com\/index.php?rest_route=\/wp\/v2\/posts\/1959\/revisions\/1961"}],"wp:featuredmedia":[{"embeddable":true,"href":"https:\/\/gabegabe224.com\/index.php?rest_route=\/wp\/v2\/media\/1960"}],"wp:attachment":[{"href":"https:\/\/gabegabe224.com\/index.php?rest_route=%2Fwp%2Fv2%2Fmedia&parent=1959"}],"wp:term":[{"taxonomy":"category","embeddable":true,"href":"https:\/\/gabegabe224.com\/index.php?rest_route=%2Fwp%2Fv2%2Fcategories&post=1959"},{"taxonomy":"post_tag","embeddable":true,"href":"https:\/\/gabegabe224.com\/index.php?rest_route=%2Fwp%2Fv2%2Ftags&post=1959"}],"curies":[{"name":"wp","href":"https:\/\/api.w.org\/{rel}","templated":true}]}}