{"id":2098,"date":"2026-03-10T22:25:52","date_gmt":"2026-03-10T21:25:52","guid":{"rendered":"https:\/\/gabegabe224.com\/?p=2098"},"modified":"2026-03-10T22:53:25","modified_gmt":"2026-03-10T21:53:25","slug":"je-veux-etre-majoritaire-le-defi-electoral-delhadj-bouna-keita-pour-les-legislatives-et-communales","status":"publish","type":"post","link":"https:\/\/gabegabe224.com\/?p=2098","title":{"rendered":"\u00ab Je veux \u00eatre majoritaire \u00bb : Le d\u00e9fi \u00e9lectoral d\u2019Elhadj Bouna Keita pour les l\u00e9gislatives et communales"},"content":{"rendered":"\n<p><strong>\u00c0 moins de trois mois des \u00e9lections coupl\u00e9es, le Rassemblement pour une Guin\u00e9e Prosp\u00e8re (RGP) brise le silence. Ce mardi 10 mars 2026, lors d&rsquo;une rencontre avec la presse, Elhadj Bouna Keita a r\u00e9affirm\u00e9 l&rsquo;ambition de sa formation politique : occuper une place centrale sur l&rsquo;\u00e9chiquier national lors du rendez-vous du 24 mai prochain<\/strong>.<\/p>\n\n\n\n<h3 class=\"wp-block-heading\">Une mise en conformit\u00e9 administrative rigoureuse<\/h3>\n\n\n\n<p>Quelques semaines apr\u00e8s l&rsquo;officialisation du calendrier \u00e9lectoral, le RGP acc\u00e9l\u00e8re ses man\u0153uvres de terrain. Pour Elhadj Bouna Keita, la priorit\u00e9 actuelle demeure le respect des exigences \u00e9dict\u00e9es par le Minist\u00e8re de l\u2019Administration du Territoire et de la D\u00e9centralisation (MATD).<\/p>\n\n\n\n<p>Malgr\u00e9 l&rsquo;investissement financier colossal requis pour l&rsquo;implantation du parti de la base au sommet, le leader du RGP se veut rassurant : \u00ab <em>Le RGP se pr\u00e9pare comme demand\u00e9. Installer le parti de la pr\u00e9fecture \u00e0 la sous-pr\u00e9fecture demande beaucoup de moyens, mais il faut se conformer aux r\u00e8gles de l\u2019\u00c9tat<\/em> \u00bb, a-t-il pr\u00e9cis\u00e9, soulignant que son parti est administrativement en r\u00e8gle.<\/p>\n\n\n\n<h3 class=\"wp-block-heading\">Un regard de mentor sur la sc\u00e8ne politique<\/h3>\n\n\n\n<p>Candidat historique d\u00e8s la pr\u00e9sidentielle de 1993, Elhadj Bouna Keita adopte aujourd&rsquo;hui une posture de transmission. Loin de s&rsquo;accrocher \u00e9ternellement au pouvoir, il place la promotion de la nouvelle g\u00e9n\u00e9ration au c\u0153ur de son discours politique.<\/p>\n\n\n\n<blockquote class=\"wp-block-quote is-layout-flow wp-block-quote-is-layout-flow\">\n<p>\u00ab Ma candidature n\u2019\u00e9tait pas pour ma personne, mais pour vous, les nouvelles g\u00e9n\u00e9rations montantes. Je ne veux pas \u00eatre \u00e9ternel \u00e0 la t\u00eate du RGP ; je souhaite que d\u2019autres prennent ma place \u00bb, a-t-il d\u00e9clar\u00e9 avec sagesse.<\/p>\n<\/blockquote>\n\n\n\n<h3 class=\"wp-block-heading\">Une ambition intacte pour les futurs scrutins<\/h3>\n\n\n\n<p>Si le discours est tourn\u00e9 vers la rel\u00e8ve, le comp\u00e9titeur reste bien pr\u00e9sent. Le pr\u00e9sident du RGP a martel\u00e9 sa d\u00e9termination \u00e0 affronter l&rsquo;ensemble des \u00e9ch\u00e9ances \u00e0 venir : l\u00e9gislatives, communales et s\u00e9natoriales.<\/p>\n\n\n\n<p>L&rsquo;objectif est clair pour le doyen de la politique guin\u00e9enne : obtenir une majorit\u00e9 par tous les moyens l\u00e9gaux. Avec cette sortie m\u00e9diatique, le RGP confirme qu&rsquo;il compte peser de tout son poids dans la course \u00e9lectorale du 24 mai 2026.<\/p>\n\n\n\n<p><\/p>\n","protected":false},"excerpt":{"rendered":"<p>\u00c0 moins de trois mois des \u00e9lections coupl\u00e9es, le Rassemblement pour une Guin\u00e9e Prosp\u00e8re (RGP) brise le silence. Ce mardi 10 mars 2026, lors d&rsquo;une rencontre avec la presse, Elhadj Bouna Keita a r\u00e9affirm\u00e9 l&rsquo;ambition de sa formation politique : occuper une place centrale sur l&rsquo;\u00e9chiquier national lors du rendez-vous du 24 mai prochain. Une [&hellip;]<\/p>\n","protected":false},"author":2,"featured_media":2099,"comment_status":"open","ping_status":"open","sticky":false,"template":"","format":"standard","meta":{"footnotes":""},"categories":[1,12],"tags":[],"class_list":["post-2098","post","type-post","status-publish","format-standard","has-post-thumbnail","hentry","category-accueil","category-societe"],"yoast_head":"<!-- This site is optimized with the Yoast SEO plugin v27.4 - https:\/\/yoast.com\/product\/yoast-seo-wordpress\/ -->\n<title>\u00ab Je veux \u00eatre majoritaire \u00bb : Le d\u00e9fi \u00e9lectoral d\u2019Elhadj Bouna Keita pour les l\u00e9gislatives et communales -<\/title>\n<meta name=\"robots\" content=\"index, follow, max-snippet:-1, max-image-preview:large, max-video-preview:-1\" \/>\n<link rel=\"canonical\" href=\"https:\/\/gabegabe224.com\/?p=2098\" \/>\n<meta property=\"og:locale\" content=\"fr_FR\" \/>\n<meta property=\"og:type\" content=\"article\" \/>\n<meta property=\"og:title\" content=\"\u00ab Je veux \u00eatre majoritaire \u00bb : Le d\u00e9fi \u00e9lectoral d\u2019Elhadj Bouna Keita pour les l\u00e9gislatives et communales -\" \/>\n<meta property=\"og:description\" content=\"\u00c0 moins de trois mois des \u00e9lections coupl\u00e9es, le Rassemblement pour une Guin\u00e9e Prosp\u00e8re (RGP) brise le silence. Ce mardi 10 mars 2026, lors d&rsquo;une rencontre avec la presse, Elhadj Bouna Keita a r\u00e9affirm\u00e9 l&rsquo;ambition de sa formation politique : occuper une place centrale sur l&rsquo;\u00e9chiquier national lors du rendez-vous du 24 mai prochain. Une [&hellip;]\" \/>\n<meta property=\"og:url\" content=\"https:\/\/gabegabe224.com\/?p=2098\" \/>\n<meta property=\"article:author\" content=\"https:\/\/www.facebook.com\/share\/1BNYrYA2g4\/?mibextid=wwXIfr\" \/>\n<meta property=\"article:published_time\" content=\"2026-03-10T21:25:52+00:00\" \/>\n<meta property=\"article:modified_time\" content=\"2026-03-10T21:53:25+00:00\" \/>\n<meta property=\"og:image\" content=\"https:\/\/gabegabe224.com\/wp-content\/uploads\/2026\/03\/buna.png\" \/>\n\t<meta property=\"og:image:width\" content=\"800\" \/>\n\t<meta property=\"og:image:height\" content=\"450\" \/>\n\t<meta property=\"og:image:type\" content=\"image\/png\" \/>\n<meta name=\"author\" content=\"Kabinet Conde\" \/>\n<meta name=\"twitter:card\" content=\"summary_large_image\" \/>\n<meta name=\"twitter:label1\" content=\"\u00c9crit par\" \/>\n\t<meta name=\"twitter:data1\" content=\"Kabinet Conde\" \/>\n\t<meta name=\"twitter:label2\" content=\"Dur\u00e9e de lecture estim\u00e9e\" \/>\n\t<meta name=\"twitter:data2\" content=\"2 minutes\" \/>\n<script type=\"application\/ld+json\" class=\"yoast-schema-graph\">{\"@context\":\"https:\\\/\\\/schema.org\",\"@graph\":[{\"@type\":\"Article\",\"@id\":\"https:\\\/\\\/gabegabe224.com\\\/?p=2098#article\",\"isPartOf\":{\"@id\":\"https:\\\/\\\/gabegabe224.com\\\/?p=2098\"},\"author\":{\"name\":\"Kabinet Conde\",\"@id\":\"https:\\\/\\\/gabegabe224.com\\\/#\\\/schema\\\/person\\\/8105b579cfbd3917935604f9bf7edd16\"},\"headline\":\"\u00ab Je veux \u00eatre majoritaire \u00bb : Le d\u00e9fi \u00e9lectoral d\u2019Elhadj Bouna Keita pour les l\u00e9gislatives et communales\",\"datePublished\":\"2026-03-10T21:25:52+00:00\",\"dateModified\":\"2026-03-10T21:53:25+00:00\",\"mainEntityOfPage\":{\"@id\":\"https:\\\/\\\/gabegabe224.com\\\/?p=2098\"},\"wordCount\":376,\"commentCount\":0,\"image\":{\"@id\":\"https:\\\/\\\/gabegabe224.com\\\/?p=2098#primaryimage\"},\"thumbnailUrl\":\"https:\\\/\\\/gabegabe224.com\\\/wp-content\\\/uploads\\\/2026\\\/03\\\/buna.png\",\"articleSection\":[\"Accueil\",\"Soci\u00e9t\u00e9\"],\"inLanguage\":\"fr-FR\",\"potentialAction\":[{\"@type\":\"CommentAction\",\"name\":\"Comment\",\"target\":[\"https:\\\/\\\/gabegabe224.com\\\/?p=2098#respond\"]}]},{\"@type\":\"WebPage\",\"@id\":\"https:\\\/\\\/gabegabe224.com\\\/?p=2098\",\"url\":\"https:\\\/\\\/gabegabe224.com\\\/?p=2098\",\"name\":\"\u00ab Je veux \u00eatre majoritaire \u00bb : Le d\u00e9fi \u00e9lectoral d\u2019Elhadj Bouna Keita pour les l\u00e9gislatives et communales -\",\"isPartOf\":{\"@id\":\"https:\\\/\\\/gabegabe224.com\\\/#website\"},\"primaryImageOfPage\":{\"@id\":\"https:\\\/\\\/gabegabe224.com\\\/?p=2098#primaryimage\"},\"image\":{\"@id\":\"https:\\\/\\\/gabegabe224.com\\\/?p=2098#primaryimage\"},\"thumbnailUrl\":\"https:\\\/\\\/gabegabe224.com\\\/wp-content\\\/uploads\\\/2026\\\/03\\\/buna.png\",\"datePublished\":\"2026-03-10T21:25:52+00:00\",\"dateModified\":\"2026-03-10T21:53:25+00:00\",\"author\":{\"@id\":\"https:\\\/\\\/gabegabe224.com\\\/#\\\/schema\\\/person\\\/8105b579cfbd3917935604f9bf7edd16\"},\"breadcrumb\":{\"@id\":\"https:\\\/\\\/gabegabe224.com\\\/?p=2098#breadcrumb\"},\"inLanguage\":\"fr-FR\",\"potentialAction\":[{\"@type\":\"ReadAction\",\"target\":[\"https:\\\/\\\/gabegabe224.com\\\/?p=2098\"]}]},{\"@type\":\"ImageObject\",\"inLanguage\":\"fr-FR\",\"@id\":\"https:\\\/\\\/gabegabe224.com\\\/?p=2098#primaryimage\",\"url\":\"https:\\\/\\\/gabegabe224.com\\\/wp-content\\\/uploads\\\/2026\\\/03\\\/buna.png\",\"contentUrl\":\"https:\\\/\\\/gabegabe224.com\\\/wp-content\\\/uploads\\\/2026\\\/03\\\/buna.png\",\"width\":800,\"height\":450},{\"@type\":\"BreadcrumbList\",\"@id\":\"https:\\\/\\\/gabegabe224.com\\\/?p=2098#breadcrumb\",\"itemListElement\":[{\"@type\":\"ListItem\",\"position\":1,\"name\":\"Home\",\"item\":\"https:\\\/\\\/gabegabe224.com\\\/\"},{\"@type\":\"ListItem\",\"position\":2,\"name\":\"\u00ab Je veux \u00eatre majoritaire \u00bb : Le d\u00e9fi \u00e9lectoral d\u2019Elhadj Bouna Keita pour les l\u00e9gislatives et communales\"}]},{\"@type\":\"WebSite\",\"@id\":\"https:\\\/\\\/gabegabe224.com\\\/#website\",\"url\":\"https:\\\/\\\/gabegabe224.com\\\/\",\"name\":\"\",\"description\":\"L\u2019information au c\u0153ur du digital\",\"potentialAction\":[{\"@type\":\"SearchAction\",\"target\":{\"@type\":\"EntryPoint\",\"urlTemplate\":\"https:\\\/\\\/gabegabe224.com\\\/?s={search_term_string}\"},\"query-input\":{\"@type\":\"PropertyValueSpecification\",\"valueRequired\":true,\"valueName\":\"search_term_string\"}}],\"inLanguage\":\"fr-FR\"},{\"@type\":\"Person\",\"@id\":\"https:\\\/\\\/gabegabe224.com\\\/#\\\/schema\\\/person\\\/8105b579cfbd3917935604f9bf7edd16\",\"name\":\"Kabinet Conde\",\"image\":{\"@type\":\"ImageObject\",\"inLanguage\":\"fr-FR\",\"@id\":\"https:\\\/\\\/secure.gravatar.com\\\/avatar\\\/32a081a85900638cf698d08343cf679773737b821606e5678df90c5747d5f080?s=96&d=mm&r=g\",\"url\":\"https:\\\/\\\/secure.gravatar.com\\\/avatar\\\/32a081a85900638cf698d08343cf679773737b821606e5678df90c5747d5f080?s=96&d=mm&r=g\",\"contentUrl\":\"https:\\\/\\\/secure.gravatar.com\\\/avatar\\\/32a081a85900638cf698d08343cf679773737b821606e5678df90c5747d5f080?s=96&d=mm&r=g\",\"caption\":\"Kabinet Conde\"},\"sameAs\":[\"https:\\\/\\\/www.facebook.com\\\/share\\\/1BNYrYA2g4\\\/?mibextid=wwXIfr\",\"https:\\\/\\\/www.instagram.com\\\/kabisko_kabisko5?igsh=MXJzb3g3cXp1eGxiYQ&utm_source=qr\"],\"url\":\"https:\\\/\\\/gabegabe224.com\\\/?author=2\"}]}<\/script>\n<!-- \/ Yoast SEO plugin. -->","yoast_head_json":{"title":"\u00ab Je veux \u00eatre majoritaire \u00bb : Le d\u00e9fi \u00e9lectoral d\u2019Elhadj Bouna Keita pour les l\u00e9gislatives et communales -","robots":{"index":"index","follow":"follow","max-snippet":"max-snippet:-1","max-image-preview":"max-image-preview:large","max-video-preview":"max-video-preview:-1"},"canonical":"https:\/\/gabegabe224.com\/?p=2098","og_locale":"fr_FR","og_type":"article","og_title":"\u00ab Je veux \u00eatre majoritaire \u00bb : Le d\u00e9fi \u00e9lectoral d\u2019Elhadj Bouna Keita pour les l\u00e9gislatives et communales -","og_description":"\u00c0 moins de trois mois des \u00e9lections coupl\u00e9es, le Rassemblement pour une Guin\u00e9e Prosp\u00e8re (RGP) brise le silence. Ce mardi 10 mars 2026, lors d&rsquo;une rencontre avec la presse, Elhadj Bouna Keita a r\u00e9affirm\u00e9 l&rsquo;ambition de sa formation politique : occuper une place centrale sur l&rsquo;\u00e9chiquier national lors du rendez-vous du 24 mai prochain. Une [&hellip;]","og_url":"https:\/\/gabegabe224.com\/?p=2098","article_author":"https:\/\/www.facebook.com\/share\/1BNYrYA2g4\/?mibextid=wwXIfr","article_published_time":"2026-03-10T21:25:52+00:00","article_modified_time":"2026-03-10T21:53:25+00:00","og_image":[{"width":800,"height":450,"url":"https:\/\/gabegabe224.com\/wp-content\/uploads\/2026\/03\/buna.png","type":"image\/png"}],"author":"Kabinet Conde","twitter_card":"summary_large_image","twitter_misc":{"\u00c9crit par":"Kabinet Conde","Dur\u00e9e de lecture estim\u00e9e":"2 minutes"},"schema":{"@context":"https:\/\/schema.org","@graph":[{"@type":"Article","@id":"https:\/\/gabegabe224.com\/?p=2098#article","isPartOf":{"@id":"https:\/\/gabegabe224.com\/?p=2098"},"author":{"name":"Kabinet Conde","@id":"https:\/\/gabegabe224.com\/#\/schema\/person\/8105b579cfbd3917935604f9bf7edd16"},"headline":"\u00ab Je veux \u00eatre majoritaire \u00bb : Le d\u00e9fi \u00e9lectoral d\u2019Elhadj Bouna Keita pour les l\u00e9gislatives et communales","datePublished":"2026-03-10T21:25:52+00:00","dateModified":"2026-03-10T21:53:25+00:00","mainEntityOfPage":{"@id":"https:\/\/gabegabe224.com\/?p=2098"},"wordCount":376,"commentCount":0,"image":{"@id":"https:\/\/gabegabe224.com\/?p=2098#primaryimage"},"thumbnailUrl":"https:\/\/gabegabe224.com\/wp-content\/uploads\/2026\/03\/buna.png","articleSection":["Accueil","Soci\u00e9t\u00e9"],"inLanguage":"fr-FR","potentialAction":[{"@type":"CommentAction","name":"Comment","target":["https:\/\/gabegabe224.com\/?p=2098#respond"]}]},{"@type":"WebPage","@id":"https:\/\/gabegabe224.com\/?p=2098","url":"https:\/\/gabegabe224.com\/?p=2098","name":"\u00ab Je veux \u00eatre majoritaire \u00bb : Le d\u00e9fi \u00e9lectoral d\u2019Elhadj Bouna Keita pour les l\u00e9gislatives et communales -","isPartOf":{"@id":"https:\/\/gabegabe224.com\/#website"},"primaryImageOfPage":{"@id":"https:\/\/gabegabe224.com\/?p=2098#primaryimage"},"image":{"@id":"https:\/\/gabegabe224.com\/?p=2098#primaryimage"},"thumbnailUrl":"https:\/\/gabegabe224.com\/wp-content\/uploads\/2026\/03\/buna.png","datePublished":"2026-03-10T21:25:52+00:00","dateModified":"2026-03-10T21:53:25+00:00","author":{"@id":"https:\/\/gabegabe224.com\/#\/schema\/person\/8105b579cfbd3917935604f9bf7edd16"},"breadcrumb":{"@id":"https:\/\/gabegabe224.com\/?p=2098#breadcrumb"},"inLanguage":"fr-FR","potentialAction":[{"@type":"ReadAction","target":["https:\/\/gabegabe224.com\/?p=2098"]}]},{"@type":"ImageObject","inLanguage":"fr-FR","@id":"https:\/\/gabegabe224.com\/?p=2098#primaryimage","url":"https:\/\/gabegabe224.com\/wp-content\/uploads\/2026\/03\/buna.png","contentUrl":"https:\/\/gabegabe224.com\/wp-content\/uploads\/2026\/03\/buna.png","width":800,"height":450},{"@type":"BreadcrumbList","@id":"https:\/\/gabegabe224.com\/?p=2098#breadcrumb","itemListElement":[{"@type":"ListItem","position":1,"name":"Home","item":"https:\/\/gabegabe224.com\/"},{"@type":"ListItem","position":2,"name":"\u00ab Je veux \u00eatre majoritaire \u00bb : Le d\u00e9fi \u00e9lectoral d\u2019Elhadj Bouna Keita pour les l\u00e9gislatives et communales"}]},{"@type":"WebSite","@id":"https:\/\/gabegabe224.com\/#website","url":"https:\/\/gabegabe224.com\/","name":"","description":"L\u2019information au c\u0153ur du digital","potentialAction":[{"@type":"SearchAction","target":{"@type":"EntryPoint","urlTemplate":"https:\/\/gabegabe224.com\/?s={search_term_string}"},"query-input":{"@type":"PropertyValueSpecification","valueRequired":true,"valueName":"search_term_string"}}],"inLanguage":"fr-FR"},{"@type":"Person","@id":"https:\/\/gabegabe224.com\/#\/schema\/person\/8105b579cfbd3917935604f9bf7edd16","name":"Kabinet Conde","image":{"@type":"ImageObject","inLanguage":"fr-FR","@id":"https:\/\/secure.gravatar.com\/avatar\/32a081a85900638cf698d08343cf679773737b821606e5678df90c5747d5f080?s=96&d=mm&r=g","url":"https:\/\/secure.gravatar.com\/avatar\/32a081a85900638cf698d08343cf679773737b821606e5678df90c5747d5f080?s=96&d=mm&r=g","contentUrl":"https:\/\/secure.gravatar.com\/avatar\/32a081a85900638cf698d08343cf679773737b821606e5678df90c5747d5f080?s=96&d=mm&r=g","caption":"Kabinet Conde"},"sameAs":["https:\/\/www.facebook.com\/share\/1BNYrYA2g4\/?mibextid=wwXIfr","https:\/\/www.instagram.com\/kabisko_kabisko5?igsh=MXJzb3g3cXp1eGxiYQ&utm_source=qr"],"url":"https:\/\/gabegabe224.com\/?author=2"}]}},"_links":{"self":[{"href":"https:\/\/gabegabe224.com\/index.php?rest_route=\/wp\/v2\/posts\/2098","targetHints":{"allow":["GET"]}}],"collection":[{"href":"https:\/\/gabegabe224.com\/index.php?rest_route=\/wp\/v2\/posts"}],"about":[{"href":"https:\/\/gabegabe224.com\/index.php?rest_route=\/wp\/v2\/types\/post"}],"author":[{"embeddable":true,"href":"https:\/\/gabegabe224.com\/index.php?rest_route=\/wp\/v2\/users\/2"}],"replies":[{"embeddable":true,"href":"https:\/\/gabegabe224.com\/index.php?rest_route=%2Fwp%2Fv2%2Fcomments&post=2098"}],"version-history":[{"count":2,"href":"https:\/\/gabegabe224.com\/index.php?rest_route=\/wp\/v2\/posts\/2098\/revisions"}],"predecessor-version":[{"id":2102,"href":"https:\/\/gabegabe224.com\/index.php?rest_route=\/wp\/v2\/posts\/2098\/revisions\/2102"}],"wp:featuredmedia":[{"embeddable":true,"href":"https:\/\/gabegabe224.com\/index.php?rest_route=\/wp\/v2\/media\/2099"}],"wp:attachment":[{"href":"https:\/\/gabegabe224.com\/index.php?rest_route=%2Fwp%2Fv2%2Fmedia&parent=2098"}],"wp:term":[{"taxonomy":"category","embeddable":true,"href":"https:\/\/gabegabe224.com\/index.php?rest_route=%2Fwp%2Fv2%2Fcategories&post=2098"},{"taxonomy":"post_tag","embeddable":true,"href":"https:\/\/gabegabe224.com\/index.php?rest_route=%2Fwp%2Fv2%2Ftags&post=2098"}],"curies":[{"name":"wp","href":"https:\/\/api.w.org\/{rel}","templated":true}]}}