{"id":2103,"date":"2026-03-10T23:19:33","date_gmt":"2026-03-10T22:19:33","guid":{"rendered":"https:\/\/gabegabe224.com\/?p=2103"},"modified":"2026-03-10T23:28:11","modified_gmt":"2026-03-10T22:28:11","slug":"prince-kyd-annonce-en-concert-live-le-18-avril-a-la-salle-malick-conde-de-luniversite-kofi-annan","status":"publish","type":"post","link":"https:\/\/gabegabe224.com\/?p=2103","title":{"rendered":"Prince Kyd annonc\u00e9 en concert live le 18 avril \u00e0 la Salle Malick Cond\u00e9 de l\u2019Universit\u00e9 Kofi Annan"},"content":{"rendered":"\n<p>La sc\u00e8ne musicale guin\u00e9enne s\u2019appr\u00eate \u00e0 accueillir un nouveau rendez-vous artistique. L\u2019artiste Prince Kyd se produira en <strong>concert live \u00ab\u00a0Fonik\u00e9 Ya\u00a0\u00bb, <\/strong>le<strong> 18 avril <\/strong>prochain \u00e0 la <strong>Salle Malick Cond\u00e9 de l\u2019Universit\u00e9 Kofi Annan<\/strong>.<\/p>\n\n\n\n<p>Cet \u00e9v\u00e9nement est port\u00e9 par les structures KG Events et Incubac (Incubateur culturel), qui entendent offrir au public une soir\u00e9e musicale plac\u00e9e sous le signe de la performance et de la proximit\u00e9 avec les fans.<\/p>\n\n\n\n<figure class=\"wp-block-image size-large\"><img  title=\"\" width=\"814\" height=\"1024\"   alt=\"fd64db5e-6037-4db1-ab76-b0ca147ef4e7-814x1024 Prince Kyd annonc\u00e9 en concert live le 18 avril \u00e0 la Salle Malick Cond\u00e9 de l\u2019Universit\u00e9 Kofi Annan\"  class=\"wp-image-2105 lws-optimize-lazyload\"\/ data-src=\"https:\/\/gabegabe224.com\/wp-content\/uploads\/2026\/03\/fd64db5e-6037-4db1-ab76-b0ca147ef4e7-814x1024.jpeg\" srcset=\"https:\/\/gabegabe224.com\/wp-content\/uploads\/2026\/03\/fd64db5e-6037-4db1-ab76-b0ca147ef4e7-814x1024.jpeg 814w, https:\/\/gabegabe224.com\/wp-content\/uploads\/2026\/03\/fd64db5e-6037-4db1-ab76-b0ca147ef4e7-238x300.jpeg 238w, https:\/\/gabegabe224.com\/wp-content\/uploads\/2026\/03\/fd64db5e-6037-4db1-ab76-b0ca147ef4e7-768x967.jpeg 768w, https:\/\/gabegabe224.com\/wp-content\/uploads\/2026\/03\/fd64db5e-6037-4db1-ab76-b0ca147ef4e7.jpeg 858w\" sizes=\"(max-width: 814px) 100vw, 814px\" \/><\/figure>\n\n\n\n<p>Reconnu pour son univers musical m\u00ealant afro-pop et sonorit\u00e9s urbaines, Prince Kyd s\u2019est progressivement impos\u00e9 comme l\u2019une des figures de la nouvelle g\u00e9n\u00e9ration d\u2019artistes guin\u00e9ens. Ce concert sera l\u2019occasion pour lui de revisiter ses titres phares et de partager un moment de communion avec son public dans un format live.<\/p>\n\n\n\n<p>\u00c0 travers cette initiative, les organisateurs ambitionnent \u00e9galement de contribuer \u00e0 la <strong>dynamisation de la sc\u00e8ne culturelle et \u00e9v\u00e9nementielle<\/strong> en Guin\u00e9e, en proposant des spectacles structur\u00e9s mettant en valeur les talents locaux.<\/p>\n\n\n\n<p>Les amateurs de musique sont donc attendus <strong>le 18 avril \u00e0 la Salle Malick Cond\u00e9 de l\u2019Universit\u00e9 Kofi Annan<\/strong> pour un concert qui s\u2019annonce riche en ambiance et en \u00e9motions.<\/p>\n\n\n\n<p>Redecouvrez ci-dessous son clip \u00ab\u00a0khimbely\u00a0\u00bb<\/p>\n\n\n\n<figure class=\"wp-block-embed is-type-video is-provider-youtube wp-block-embed-youtube wp-embed-aspect-16-9 wp-has-aspect-ratio\"><div class=\"wp-block-embed__wrapper\">\n<iframe title=\"PRINCE KYD   KHIMBELY CLIP OFFICIEL\" width=\"640\" height=\"360\"  frameborder=\"0\" allow=\"accelerometer; autoplay; clipboard-write; encrypted-media; gyroscope; picture-in-picture; web-share\" referrerpolicy=\"strict-origin-when-cross-origin\" allowfullscreen class=\"lws-optimize-lazyload\" data-src=\"https:\/\/www.youtube.com\/embed\/VlMkDKnPiqQ?feature=oembed\"><\/iframe>\n<\/div><\/figure>\n","protected":false},"excerpt":{"rendered":"<p>La sc\u00e8ne musicale guin\u00e9enne s\u2019appr\u00eate \u00e0 accueillir un nouveau rendez-vous artistique. L\u2019artiste Prince Kyd se produira en concert live \u00ab\u00a0Fonik\u00e9 Ya\u00a0\u00bb, le 18 avril prochain \u00e0 la Salle Malick Cond\u00e9 de l\u2019Universit\u00e9 Kofi Annan. Cet \u00e9v\u00e9nement est port\u00e9 par les structures KG Events et Incubac (Incubateur culturel), qui entendent offrir au public une soir\u00e9e musicale [&hellip;]<\/p>\n","protected":false},"author":2,"featured_media":2104,"comment_status":"open","ping_status":"open","sticky":false,"template":"","format":"standard","meta":{"footnotes":""},"categories":[1,11],"tags":[],"class_list":["post-2103","post","type-post","status-publish","format-standard","has-post-thumbnail","hentry","category-accueil","category-evenement"],"yoast_head":"<!-- This site is optimized with the Yoast SEO plugin v27.4 - https:\/\/yoast.com\/product\/yoast-seo-wordpress\/ -->\n<title>Prince Kyd annonc\u00e9 en concert live le 18 avril \u00e0 la Salle Malick Cond\u00e9 de l\u2019Universit\u00e9 Kofi Annan -<\/title>\n<meta name=\"robots\" content=\"index, follow, max-snippet:-1, max-image-preview:large, max-video-preview:-1\" \/>\n<link rel=\"canonical\" href=\"https:\/\/gabegabe224.com\/?p=2103\" \/>\n<meta property=\"og:locale\" content=\"fr_FR\" \/>\n<meta property=\"og:type\" content=\"article\" \/>\n<meta property=\"og:title\" content=\"Prince Kyd annonc\u00e9 en concert live le 18 avril \u00e0 la Salle Malick Cond\u00e9 de l\u2019Universit\u00e9 Kofi Annan -\" \/>\n<meta property=\"og:description\" content=\"La sc\u00e8ne musicale guin\u00e9enne s\u2019appr\u00eate \u00e0 accueillir un nouveau rendez-vous artistique. L\u2019artiste Prince Kyd se produira en concert live \u00ab\u00a0Fonik\u00e9 Ya\u00a0\u00bb, le 18 avril prochain \u00e0 la Salle Malick Cond\u00e9 de l\u2019Universit\u00e9 Kofi Annan. Cet \u00e9v\u00e9nement est port\u00e9 par les structures KG Events et Incubac (Incubateur culturel), qui entendent offrir au public une soir\u00e9e musicale [&hellip;]\" \/>\n<meta property=\"og:url\" content=\"https:\/\/gabegabe224.com\/?p=2103\" \/>\n<meta property=\"article:author\" content=\"https:\/\/www.facebook.com\/share\/1BNYrYA2g4\/?mibextid=wwXIfr\" \/>\n<meta property=\"article:published_time\" content=\"2026-03-10T22:19:33+00:00\" \/>\n<meta property=\"article:modified_time\" content=\"2026-03-10T22:28:11+00:00\" \/>\n<meta property=\"og:image\" content=\"https:\/\/gabegabe224.com\/wp-content\/uploads\/2026\/03\/kyd.png\" \/>\n\t<meta property=\"og:image:width\" content=\"800\" \/>\n\t<meta property=\"og:image:height\" content=\"450\" \/>\n\t<meta property=\"og:image:type\" content=\"image\/png\" \/>\n<meta name=\"author\" content=\"Kabinet Conde\" \/>\n<meta name=\"twitter:card\" content=\"summary_large_image\" \/>\n<meta name=\"twitter:label1\" content=\"\u00c9crit par\" \/>\n\t<meta name=\"twitter:data1\" content=\"Kabinet Conde\" \/>\n\t<meta name=\"twitter:label2\" content=\"Dur\u00e9e de lecture estim\u00e9e\" \/>\n\t<meta name=\"twitter:data2\" content=\"2 minutes\" \/>\n<script type=\"application\/ld+json\" class=\"yoast-schema-graph\">{\"@context\":\"https:\\\/\\\/schema.org\",\"@graph\":[{\"@type\":\"Article\",\"@id\":\"https:\\\/\\\/gabegabe224.com\\\/?p=2103#article\",\"isPartOf\":{\"@id\":\"https:\\\/\\\/gabegabe224.com\\\/?p=2103\"},\"author\":{\"name\":\"Kabinet Conde\",\"@id\":\"https:\\\/\\\/gabegabe224.com\\\/#\\\/schema\\\/person\\\/8105b579cfbd3917935604f9bf7edd16\"},\"headline\":\"Prince Kyd annonc\u00e9 en concert live le 18 avril \u00e0 la Salle Malick Cond\u00e9 de l\u2019Universit\u00e9 Kofi Annan\",\"datePublished\":\"2026-03-10T22:19:33+00:00\",\"dateModified\":\"2026-03-10T22:28:11+00:00\",\"mainEntityOfPage\":{\"@id\":\"https:\\\/\\\/gabegabe224.com\\\/?p=2103\"},\"wordCount\":227,\"commentCount\":0,\"image\":{\"@id\":\"https:\\\/\\\/gabegabe224.com\\\/?p=2103#primaryimage\"},\"thumbnailUrl\":\"https:\\\/\\\/gabegabe224.com\\\/wp-content\\\/uploads\\\/2026\\\/03\\\/kyd.png\",\"articleSection\":[\"Accueil\",\"Ev\u00e8nement\"],\"inLanguage\":\"fr-FR\",\"potentialAction\":[{\"@type\":\"CommentAction\",\"name\":\"Comment\",\"target\":[\"https:\\\/\\\/gabegabe224.com\\\/?p=2103#respond\"]}]},{\"@type\":\"WebPage\",\"@id\":\"https:\\\/\\\/gabegabe224.com\\\/?p=2103\",\"url\":\"https:\\\/\\\/gabegabe224.com\\\/?p=2103\",\"name\":\"Prince Kyd annonc\u00e9 en concert live le 18 avril \u00e0 la Salle Malick Cond\u00e9 de l\u2019Universit\u00e9 Kofi Annan -\",\"isPartOf\":{\"@id\":\"https:\\\/\\\/gabegabe224.com\\\/#website\"},\"primaryImageOfPage\":{\"@id\":\"https:\\\/\\\/gabegabe224.com\\\/?p=2103#primaryimage\"},\"image\":{\"@id\":\"https:\\\/\\\/gabegabe224.com\\\/?p=2103#primaryimage\"},\"thumbnailUrl\":\"https:\\\/\\\/gabegabe224.com\\\/wp-content\\\/uploads\\\/2026\\\/03\\\/kyd.png\",\"datePublished\":\"2026-03-10T22:19:33+00:00\",\"dateModified\":\"2026-03-10T22:28:11+00:00\",\"author\":{\"@id\":\"https:\\\/\\\/gabegabe224.com\\\/#\\\/schema\\\/person\\\/8105b579cfbd3917935604f9bf7edd16\"},\"breadcrumb\":{\"@id\":\"https:\\\/\\\/gabegabe224.com\\\/?p=2103#breadcrumb\"},\"inLanguage\":\"fr-FR\",\"potentialAction\":[{\"@type\":\"ReadAction\",\"target\":[\"https:\\\/\\\/gabegabe224.com\\\/?p=2103\"]}]},{\"@type\":\"ImageObject\",\"inLanguage\":\"fr-FR\",\"@id\":\"https:\\\/\\\/gabegabe224.com\\\/?p=2103#primaryimage\",\"url\":\"https:\\\/\\\/gabegabe224.com\\\/wp-content\\\/uploads\\\/2026\\\/03\\\/kyd.png\",\"contentUrl\":\"https:\\\/\\\/gabegabe224.com\\\/wp-content\\\/uploads\\\/2026\\\/03\\\/kyd.png\",\"width\":800,\"height\":450},{\"@type\":\"BreadcrumbList\",\"@id\":\"https:\\\/\\\/gabegabe224.com\\\/?p=2103#breadcrumb\",\"itemListElement\":[{\"@type\":\"ListItem\",\"position\":1,\"name\":\"Home\",\"item\":\"https:\\\/\\\/gabegabe224.com\\\/\"},{\"@type\":\"ListItem\",\"position\":2,\"name\":\"Prince Kyd annonc\u00e9 en concert live le 18 avril \u00e0 la Salle Malick Cond\u00e9 de l\u2019Universit\u00e9 Kofi Annan\"}]},{\"@type\":\"WebSite\",\"@id\":\"https:\\\/\\\/gabegabe224.com\\\/#website\",\"url\":\"https:\\\/\\\/gabegabe224.com\\\/\",\"name\":\"\",\"description\":\"L\u2019information au c\u0153ur du digital\",\"potentialAction\":[{\"@type\":\"SearchAction\",\"target\":{\"@type\":\"EntryPoint\",\"urlTemplate\":\"https:\\\/\\\/gabegabe224.com\\\/?s={search_term_string}\"},\"query-input\":{\"@type\":\"PropertyValueSpecification\",\"valueRequired\":true,\"valueName\":\"search_term_string\"}}],\"inLanguage\":\"fr-FR\"},{\"@type\":\"Person\",\"@id\":\"https:\\\/\\\/gabegabe224.com\\\/#\\\/schema\\\/person\\\/8105b579cfbd3917935604f9bf7edd16\",\"name\":\"Kabinet Conde\",\"image\":{\"@type\":\"ImageObject\",\"inLanguage\":\"fr-FR\",\"@id\":\"https:\\\/\\\/secure.gravatar.com\\\/avatar\\\/32a081a85900638cf698d08343cf679773737b821606e5678df90c5747d5f080?s=96&d=mm&r=g\",\"url\":\"https:\\\/\\\/secure.gravatar.com\\\/avatar\\\/32a081a85900638cf698d08343cf679773737b821606e5678df90c5747d5f080?s=96&d=mm&r=g\",\"contentUrl\":\"https:\\\/\\\/secure.gravatar.com\\\/avatar\\\/32a081a85900638cf698d08343cf679773737b821606e5678df90c5747d5f080?s=96&d=mm&r=g\",\"caption\":\"Kabinet Conde\"},\"sameAs\":[\"https:\\\/\\\/www.facebook.com\\\/share\\\/1BNYrYA2g4\\\/?mibextid=wwXIfr\",\"https:\\\/\\\/www.instagram.com\\\/kabisko_kabisko5?igsh=MXJzb3g3cXp1eGxiYQ&utm_source=qr\"],\"url\":\"https:\\\/\\\/gabegabe224.com\\\/?author=2\"}]}<\/script>\n<!-- \/ Yoast SEO plugin. -->","yoast_head_json":{"title":"Prince Kyd annonc\u00e9 en concert live le 18 avril \u00e0 la Salle Malick Cond\u00e9 de l\u2019Universit\u00e9 Kofi Annan -","robots":{"index":"index","follow":"follow","max-snippet":"max-snippet:-1","max-image-preview":"max-image-preview:large","max-video-preview":"max-video-preview:-1"},"canonical":"https:\/\/gabegabe224.com\/?p=2103","og_locale":"fr_FR","og_type":"article","og_title":"Prince Kyd annonc\u00e9 en concert live le 18 avril \u00e0 la Salle Malick Cond\u00e9 de l\u2019Universit\u00e9 Kofi Annan -","og_description":"La sc\u00e8ne musicale guin\u00e9enne s\u2019appr\u00eate \u00e0 accueillir un nouveau rendez-vous artistique. L\u2019artiste Prince Kyd se produira en concert live \u00ab\u00a0Fonik\u00e9 Ya\u00a0\u00bb, le 18 avril prochain \u00e0 la Salle Malick Cond\u00e9 de l\u2019Universit\u00e9 Kofi Annan. Cet \u00e9v\u00e9nement est port\u00e9 par les structures KG Events et Incubac (Incubateur culturel), qui entendent offrir au public une soir\u00e9e musicale [&hellip;]","og_url":"https:\/\/gabegabe224.com\/?p=2103","article_author":"https:\/\/www.facebook.com\/share\/1BNYrYA2g4\/?mibextid=wwXIfr","article_published_time":"2026-03-10T22:19:33+00:00","article_modified_time":"2026-03-10T22:28:11+00:00","og_image":[{"width":800,"height":450,"url":"https:\/\/gabegabe224.com\/wp-content\/uploads\/2026\/03\/kyd.png","type":"image\/png"}],"author":"Kabinet Conde","twitter_card":"summary_large_image","twitter_misc":{"\u00c9crit par":"Kabinet Conde","Dur\u00e9e de lecture estim\u00e9e":"2 minutes"},"schema":{"@context":"https:\/\/schema.org","@graph":[{"@type":"Article","@id":"https:\/\/gabegabe224.com\/?p=2103#article","isPartOf":{"@id":"https:\/\/gabegabe224.com\/?p=2103"},"author":{"name":"Kabinet Conde","@id":"https:\/\/gabegabe224.com\/#\/schema\/person\/8105b579cfbd3917935604f9bf7edd16"},"headline":"Prince Kyd annonc\u00e9 en concert live le 18 avril \u00e0 la Salle Malick Cond\u00e9 de l\u2019Universit\u00e9 Kofi Annan","datePublished":"2026-03-10T22:19:33+00:00","dateModified":"2026-03-10T22:28:11+00:00","mainEntityOfPage":{"@id":"https:\/\/gabegabe224.com\/?p=2103"},"wordCount":227,"commentCount":0,"image":{"@id":"https:\/\/gabegabe224.com\/?p=2103#primaryimage"},"thumbnailUrl":"https:\/\/gabegabe224.com\/wp-content\/uploads\/2026\/03\/kyd.png","articleSection":["Accueil","Ev\u00e8nement"],"inLanguage":"fr-FR","potentialAction":[{"@type":"CommentAction","name":"Comment","target":["https:\/\/gabegabe224.com\/?p=2103#respond"]}]},{"@type":"WebPage","@id":"https:\/\/gabegabe224.com\/?p=2103","url":"https:\/\/gabegabe224.com\/?p=2103","name":"Prince Kyd annonc\u00e9 en concert live le 18 avril \u00e0 la Salle Malick Cond\u00e9 de l\u2019Universit\u00e9 Kofi Annan -","isPartOf":{"@id":"https:\/\/gabegabe224.com\/#website"},"primaryImageOfPage":{"@id":"https:\/\/gabegabe224.com\/?p=2103#primaryimage"},"image":{"@id":"https:\/\/gabegabe224.com\/?p=2103#primaryimage"},"thumbnailUrl":"https:\/\/gabegabe224.com\/wp-content\/uploads\/2026\/03\/kyd.png","datePublished":"2026-03-10T22:19:33+00:00","dateModified":"2026-03-10T22:28:11+00:00","author":{"@id":"https:\/\/gabegabe224.com\/#\/schema\/person\/8105b579cfbd3917935604f9bf7edd16"},"breadcrumb":{"@id":"https:\/\/gabegabe224.com\/?p=2103#breadcrumb"},"inLanguage":"fr-FR","potentialAction":[{"@type":"ReadAction","target":["https:\/\/gabegabe224.com\/?p=2103"]}]},{"@type":"ImageObject","inLanguage":"fr-FR","@id":"https:\/\/gabegabe224.com\/?p=2103#primaryimage","url":"https:\/\/gabegabe224.com\/wp-content\/uploads\/2026\/03\/kyd.png","contentUrl":"https:\/\/gabegabe224.com\/wp-content\/uploads\/2026\/03\/kyd.png","width":800,"height":450},{"@type":"BreadcrumbList","@id":"https:\/\/gabegabe224.com\/?p=2103#breadcrumb","itemListElement":[{"@type":"ListItem","position":1,"name":"Home","item":"https:\/\/gabegabe224.com\/"},{"@type":"ListItem","position":2,"name":"Prince Kyd annonc\u00e9 en concert live le 18 avril \u00e0 la Salle Malick Cond\u00e9 de l\u2019Universit\u00e9 Kofi Annan"}]},{"@type":"WebSite","@id":"https:\/\/gabegabe224.com\/#website","url":"https:\/\/gabegabe224.com\/","name":"","description":"L\u2019information au c\u0153ur du digital","potentialAction":[{"@type":"SearchAction","target":{"@type":"EntryPoint","urlTemplate":"https:\/\/gabegabe224.com\/?s={search_term_string}"},"query-input":{"@type":"PropertyValueSpecification","valueRequired":true,"valueName":"search_term_string"}}],"inLanguage":"fr-FR"},{"@type":"Person","@id":"https:\/\/gabegabe224.com\/#\/schema\/person\/8105b579cfbd3917935604f9bf7edd16","name":"Kabinet Conde","image":{"@type":"ImageObject","inLanguage":"fr-FR","@id":"https:\/\/secure.gravatar.com\/avatar\/32a081a85900638cf698d08343cf679773737b821606e5678df90c5747d5f080?s=96&d=mm&r=g","url":"https:\/\/secure.gravatar.com\/avatar\/32a081a85900638cf698d08343cf679773737b821606e5678df90c5747d5f080?s=96&d=mm&r=g","contentUrl":"https:\/\/secure.gravatar.com\/avatar\/32a081a85900638cf698d08343cf679773737b821606e5678df90c5747d5f080?s=96&d=mm&r=g","caption":"Kabinet Conde"},"sameAs":["https:\/\/www.facebook.com\/share\/1BNYrYA2g4\/?mibextid=wwXIfr","https:\/\/www.instagram.com\/kabisko_kabisko5?igsh=MXJzb3g3cXp1eGxiYQ&utm_source=qr"],"url":"https:\/\/gabegabe224.com\/?author=2"}]}},"_links":{"self":[{"href":"https:\/\/gabegabe224.com\/index.php?rest_route=\/wp\/v2\/posts\/2103","targetHints":{"allow":["GET"]}}],"collection":[{"href":"https:\/\/gabegabe224.com\/index.php?rest_route=\/wp\/v2\/posts"}],"about":[{"href":"https:\/\/gabegabe224.com\/index.php?rest_route=\/wp\/v2\/types\/post"}],"author":[{"embeddable":true,"href":"https:\/\/gabegabe224.com\/index.php?rest_route=\/wp\/v2\/users\/2"}],"replies":[{"embeddable":true,"href":"https:\/\/gabegabe224.com\/index.php?rest_route=%2Fwp%2Fv2%2Fcomments&post=2103"}],"version-history":[{"count":2,"href":"https:\/\/gabegabe224.com\/index.php?rest_route=\/wp\/v2\/posts\/2103\/revisions"}],"predecessor-version":[{"id":2107,"href":"https:\/\/gabegabe224.com\/index.php?rest_route=\/wp\/v2\/posts\/2103\/revisions\/2107"}],"wp:featuredmedia":[{"embeddable":true,"href":"https:\/\/gabegabe224.com\/index.php?rest_route=\/wp\/v2\/media\/2104"}],"wp:attachment":[{"href":"https:\/\/gabegabe224.com\/index.php?rest_route=%2Fwp%2Fv2%2Fmedia&parent=2103"}],"wp:term":[{"taxonomy":"category","embeddable":true,"href":"https:\/\/gabegabe224.com\/index.php?rest_route=%2Fwp%2Fv2%2Fcategories&post=2103"},{"taxonomy":"post_tag","embeddable":true,"href":"https:\/\/gabegabe224.com\/index.php?rest_route=%2Fwp%2Fv2%2Ftags&post=2103"}],"curies":[{"name":"wp","href":"https:\/\/api.w.org\/{rel}","templated":true}]}}