{"id":2112,"date":"2026-03-17T02:11:29","date_gmt":"2026-03-17T01:11:29","guid":{"rendered":"https:\/\/gabegabe224.com\/?p=2112"},"modified":"2026-03-17T02:11:32","modified_gmt":"2026-03-17T01:11:32","slug":"conakry-le-secteur-culturel-mobilise-pour-une-lecture-du-saint-coran-en-hommage-au-chef-de-letat","status":"publish","type":"post","link":"https:\/\/gabegabe224.com\/?p=2112","title":{"rendered":"Conakry : Le secteur culturel mobilis\u00e9 pour une lecture du Saint Coran en hommage au Chef de l\u2019\u00c9tat"},"content":{"rendered":"\n<p>Le monde de la culture guin\u00e9enne se mobilise pour un moment de recueillement et de spiritualit\u00e9. <strong>Le jeudi 26 mars 2026<\/strong>, une c\u00e9r\u00e9monie solennelle de lecture du Saint Coran se tiendra \u00e0 la <strong>Grande Mosqu\u00e9e Fay\u00e7al<\/strong> de Conakry, \u00e0 partir de 10 heures.<\/p>\n\n\n\n<p>Plac\u00e9e sous le <strong>haut patronage du ministre de la Culture, du Tourisme et de l\u2019Artisanat, Moussa Mo\u00efse Sylla<\/strong>, cette initiative est organis\u00e9e par un collectif d\u2019artistes, d\u2019influenceurs et d\u2019op\u00e9rateurs culturels.<\/p>\n\n\n\n<h3 class=\"wp-block-heading\">Un hommage symbolique au Pr\u00e9sident Mamadi Doumbouya<\/h3>\n\n\n\n<p>Cette rencontre spirituelle vise \u00e0 rendre un hommage au <strong>Pr\u00e9sident de la R\u00e9publique, le G\u00e9n\u00e9ral Mamadi Doumbouya<\/strong>, en reconnaissance du soutien constant qu\u2019il apporte aux hommes et aux femmes de culture depuis le d\u00e9but de la transition.<\/p>\n\n\n\n<p>\u00c0 travers cette lecture du Saint Coran, les participants souhaitent \u00e9galement implorer les b\u00e9n\u00e9dictions divines pour la <strong>paix et la stabilit\u00e9 en Guin\u00e9e<\/strong>, tout en adressant leurs pri\u00e8res pour la r\u00e9ussite de la mission du Chef de l\u2019\u00c9tat.<\/p>\n\n\n\n<h3 class=\"wp-block-heading\">Une mobilisation g\u00e9n\u00e9rale attendue<\/h3>\n\n\n\n<p>La c\u00e9r\u00e9monie devrait rassembler un large \u00e9ventail d\u2019acteurs du secteur culturel, notamment des artistes, influenceurs, op\u00e9rateurs culturels et sympathisants. Les organisateurs appellent \u00e0 une <strong>forte mobilisation<\/strong> afin de donner \u00e0 cet \u00e9v\u00e9nement toute la dimension spirituelle et symbolique qu\u2019il m\u00e9rite.<\/p>\n\n\n\n<figure class=\"wp-block-image size-large\"><img  title=\"\" width=\"1011\" height=\"1024\"   alt=\"fb3f67ed-283f-4c60-a9d7-262496668105-1011x1024 Conakry : Le secteur culturel mobilis\u00e9 pour une lecture du Saint Coran en hommage au Chef de l\u2019\u00c9tat\"  class=\"wp-image-2114 lws-optimize-lazyload\"\/ data-src=\"https:\/\/gabegabe224.com\/wp-content\/uploads\/2026\/03\/fb3f67ed-283f-4c60-a9d7-262496668105-1011x1024.jpeg\" srcset=\"https:\/\/gabegabe224.com\/wp-content\/uploads\/2026\/03\/fb3f67ed-283f-4c60-a9d7-262496668105-1011x1024.jpeg 1011w, https:\/\/gabegabe224.com\/wp-content\/uploads\/2026\/03\/fb3f67ed-283f-4c60-a9d7-262496668105-296x300.jpeg 296w, https:\/\/gabegabe224.com\/wp-content\/uploads\/2026\/03\/fb3f67ed-283f-4c60-a9d7-262496668105-768x778.jpeg 768w, https:\/\/gabegabe224.com\/wp-content\/uploads\/2026\/03\/fb3f67ed-283f-4c60-a9d7-262496668105.jpeg 1066w\" sizes=\"(max-width: 1011px) 100vw, 1011px\" \/><\/figure>\n\n\n\n<p>Le rendez-vous est donc fix\u00e9 pour le <strong>jeudi 26 mars \u00e0 la Grande Mosqu\u00e9e Fay\u00e7al<\/strong>, pour un moment de pri\u00e8re et de communion qui rassemblera la famille culturelle guin\u00e9enne autour des valeurs de <strong>spiritualit\u00e9, de solidarit\u00e9 et de gratitude<\/strong>.<\/p>\n","protected":false},"excerpt":{"rendered":"<p>Le monde de la culture guin\u00e9enne se mobilise pour un moment de recueillement et de spiritualit\u00e9. Le jeudi 26 mars 2026, une c\u00e9r\u00e9monie solennelle de lecture du Saint Coran se tiendra \u00e0 la Grande Mosqu\u00e9e Fay\u00e7al de Conakry, \u00e0 partir de 10 heures. Plac\u00e9e sous le haut patronage du ministre de la Culture, du Tourisme [&hellip;]<\/p>\n","protected":false},"author":2,"featured_media":2113,"comment_status":"open","ping_status":"open","sticky":false,"template":"","format":"standard","meta":{"footnotes":""},"categories":[1,4],"tags":[],"class_list":["post-2112","post","type-post","status-publish","format-standard","has-post-thumbnail","hentry","category-accueil","category-culture"],"yoast_head":"<!-- This site is optimized with the Yoast SEO plugin v27.5 - https:\/\/yoast.com\/product\/yoast-seo-wordpress\/ -->\n<title>Conakry : Le secteur culturel mobilis\u00e9 pour une lecture du Saint Coran en hommage au Chef de l\u2019\u00c9tat -<\/title>\n<meta name=\"robots\" content=\"index, follow, max-snippet:-1, max-image-preview:large, max-video-preview:-1\" \/>\n<link rel=\"canonical\" href=\"https:\/\/gabegabe224.com\/?p=2112\" \/>\n<meta property=\"og:locale\" content=\"fr_FR\" \/>\n<meta property=\"og:type\" content=\"article\" \/>\n<meta property=\"og:title\" content=\"Conakry : Le secteur culturel mobilis\u00e9 pour une lecture du Saint Coran en hommage au Chef de l\u2019\u00c9tat -\" \/>\n<meta property=\"og:description\" content=\"Le monde de la culture guin\u00e9enne se mobilise pour un moment de recueillement et de spiritualit\u00e9. Le jeudi 26 mars 2026, une c\u00e9r\u00e9monie solennelle de lecture du Saint Coran se tiendra \u00e0 la Grande Mosqu\u00e9e Fay\u00e7al de Conakry, \u00e0 partir de 10 heures. Plac\u00e9e sous le haut patronage du ministre de la Culture, du Tourisme [&hellip;]\" \/>\n<meta property=\"og:url\" content=\"https:\/\/gabegabe224.com\/?p=2112\" \/>\n<meta property=\"article:author\" content=\"https:\/\/www.facebook.com\/share\/1BNYrYA2g4\/?mibextid=wwXIfr\" \/>\n<meta property=\"article:published_time\" content=\"2026-03-17T01:11:29+00:00\" \/>\n<meta property=\"article:modified_time\" content=\"2026-03-17T01:11:32+00:00\" \/>\n<meta property=\"og:image\" content=\"https:\/\/gabegabe224.com\/wp-content\/uploads\/2026\/03\/lecture.png\" \/>\n\t<meta property=\"og:image:width\" content=\"800\" \/>\n\t<meta property=\"og:image:height\" content=\"450\" \/>\n\t<meta property=\"og:image:type\" content=\"image\/png\" \/>\n<meta name=\"author\" content=\"Kabinet Conde\" \/>\n<meta name=\"twitter:card\" content=\"summary_large_image\" \/>\n<meta name=\"twitter:label1\" content=\"\u00c9crit par\" \/>\n\t<meta name=\"twitter:data1\" content=\"Kabinet Conde\" \/>\n\t<meta name=\"twitter:label2\" content=\"Dur\u00e9e de lecture estim\u00e9e\" \/>\n\t<meta name=\"twitter:data2\" content=\"2 minutes\" \/>\n<script type=\"application\/ld+json\" class=\"yoast-schema-graph\">{\"@context\":\"https:\\\/\\\/schema.org\",\"@graph\":[{\"@type\":\"Article\",\"@id\":\"https:\\\/\\\/gabegabe224.com\\\/?p=2112#article\",\"isPartOf\":{\"@id\":\"https:\\\/\\\/gabegabe224.com\\\/?p=2112\"},\"author\":{\"name\":\"Kabinet Conde\",\"@id\":\"https:\\\/\\\/gabegabe224.com\\\/#\\\/schema\\\/person\\\/8105b579cfbd3917935604f9bf7edd16\"},\"headline\":\"Conakry : Le secteur culturel mobilis\u00e9 pour une lecture du Saint Coran en hommage au Chef de l\u2019\u00c9tat\",\"datePublished\":\"2026-03-17T01:11:29+00:00\",\"dateModified\":\"2026-03-17T01:11:32+00:00\",\"mainEntityOfPage\":{\"@id\":\"https:\\\/\\\/gabegabe224.com\\\/?p=2112\"},\"wordCount\":284,\"commentCount\":0,\"image\":{\"@id\":\"https:\\\/\\\/gabegabe224.com\\\/?p=2112#primaryimage\"},\"thumbnailUrl\":\"https:\\\/\\\/gabegabe224.com\\\/wp-content\\\/uploads\\\/2026\\\/03\\\/lecture.png\",\"articleSection\":[\"Accueil\",\"Culture\"],\"inLanguage\":\"fr-FR\",\"potentialAction\":[{\"@type\":\"CommentAction\",\"name\":\"Comment\",\"target\":[\"https:\\\/\\\/gabegabe224.com\\\/?p=2112#respond\"]}]},{\"@type\":\"WebPage\",\"@id\":\"https:\\\/\\\/gabegabe224.com\\\/?p=2112\",\"url\":\"https:\\\/\\\/gabegabe224.com\\\/?p=2112\",\"name\":\"Conakry : Le secteur culturel mobilis\u00e9 pour une lecture du Saint Coran en hommage au Chef de l\u2019\u00c9tat -\",\"isPartOf\":{\"@id\":\"https:\\\/\\\/gabegabe224.com\\\/#website\"},\"primaryImageOfPage\":{\"@id\":\"https:\\\/\\\/gabegabe224.com\\\/?p=2112#primaryimage\"},\"image\":{\"@id\":\"https:\\\/\\\/gabegabe224.com\\\/?p=2112#primaryimage\"},\"thumbnailUrl\":\"https:\\\/\\\/gabegabe224.com\\\/wp-content\\\/uploads\\\/2026\\\/03\\\/lecture.png\",\"datePublished\":\"2026-03-17T01:11:29+00:00\",\"dateModified\":\"2026-03-17T01:11:32+00:00\",\"author\":{\"@id\":\"https:\\\/\\\/gabegabe224.com\\\/#\\\/schema\\\/person\\\/8105b579cfbd3917935604f9bf7edd16\"},\"breadcrumb\":{\"@id\":\"https:\\\/\\\/gabegabe224.com\\\/?p=2112#breadcrumb\"},\"inLanguage\":\"fr-FR\",\"potentialAction\":[{\"@type\":\"ReadAction\",\"target\":[\"https:\\\/\\\/gabegabe224.com\\\/?p=2112\"]}]},{\"@type\":\"ImageObject\",\"inLanguage\":\"fr-FR\",\"@id\":\"https:\\\/\\\/gabegabe224.com\\\/?p=2112#primaryimage\",\"url\":\"https:\\\/\\\/gabegabe224.com\\\/wp-content\\\/uploads\\\/2026\\\/03\\\/lecture.png\",\"contentUrl\":\"https:\\\/\\\/gabegabe224.com\\\/wp-content\\\/uploads\\\/2026\\\/03\\\/lecture.png\",\"width\":800,\"height\":450},{\"@type\":\"BreadcrumbList\",\"@id\":\"https:\\\/\\\/gabegabe224.com\\\/?p=2112#breadcrumb\",\"itemListElement\":[{\"@type\":\"ListItem\",\"position\":1,\"name\":\"Home\",\"item\":\"https:\\\/\\\/gabegabe224.com\\\/\"},{\"@type\":\"ListItem\",\"position\":2,\"name\":\"Conakry : Le secteur culturel mobilis\u00e9 pour une lecture du Saint Coran en hommage au Chef de l\u2019\u00c9tat\"}]},{\"@type\":\"WebSite\",\"@id\":\"https:\\\/\\\/gabegabe224.com\\\/#website\",\"url\":\"https:\\\/\\\/gabegabe224.com\\\/\",\"name\":\"\",\"description\":\"L\u2019information au c\u0153ur du digital\",\"potentialAction\":[{\"@type\":\"SearchAction\",\"target\":{\"@type\":\"EntryPoint\",\"urlTemplate\":\"https:\\\/\\\/gabegabe224.com\\\/?s={search_term_string}\"},\"query-input\":{\"@type\":\"PropertyValueSpecification\",\"valueRequired\":true,\"valueName\":\"search_term_string\"}}],\"inLanguage\":\"fr-FR\"},{\"@type\":\"Person\",\"@id\":\"https:\\\/\\\/gabegabe224.com\\\/#\\\/schema\\\/person\\\/8105b579cfbd3917935604f9bf7edd16\",\"name\":\"Kabinet Conde\",\"image\":{\"@type\":\"ImageObject\",\"inLanguage\":\"fr-FR\",\"@id\":\"https:\\\/\\\/secure.gravatar.com\\\/avatar\\\/32a081a85900638cf698d08343cf679773737b821606e5678df90c5747d5f080?s=96&d=mm&r=g\",\"url\":\"https:\\\/\\\/secure.gravatar.com\\\/avatar\\\/32a081a85900638cf698d08343cf679773737b821606e5678df90c5747d5f080?s=96&d=mm&r=g\",\"contentUrl\":\"https:\\\/\\\/secure.gravatar.com\\\/avatar\\\/32a081a85900638cf698d08343cf679773737b821606e5678df90c5747d5f080?s=96&d=mm&r=g\",\"caption\":\"Kabinet Conde\"},\"sameAs\":[\"https:\\\/\\\/www.facebook.com\\\/share\\\/1BNYrYA2g4\\\/?mibextid=wwXIfr\",\"https:\\\/\\\/www.instagram.com\\\/kabisko_kabisko5?igsh=MXJzb3g3cXp1eGxiYQ&utm_source=qr\"],\"url\":\"https:\\\/\\\/gabegabe224.com\\\/?author=2\"}]}<\/script>\n<!-- \/ Yoast SEO plugin. -->","yoast_head_json":{"title":"Conakry : Le secteur culturel mobilis\u00e9 pour une lecture du Saint Coran en hommage au Chef de l\u2019\u00c9tat -","robots":{"index":"index","follow":"follow","max-snippet":"max-snippet:-1","max-image-preview":"max-image-preview:large","max-video-preview":"max-video-preview:-1"},"canonical":"https:\/\/gabegabe224.com\/?p=2112","og_locale":"fr_FR","og_type":"article","og_title":"Conakry : Le secteur culturel mobilis\u00e9 pour une lecture du Saint Coran en hommage au Chef de l\u2019\u00c9tat -","og_description":"Le monde de la culture guin\u00e9enne se mobilise pour un moment de recueillement et de spiritualit\u00e9. Le jeudi 26 mars 2026, une c\u00e9r\u00e9monie solennelle de lecture du Saint Coran se tiendra \u00e0 la Grande Mosqu\u00e9e Fay\u00e7al de Conakry, \u00e0 partir de 10 heures. Plac\u00e9e sous le haut patronage du ministre de la Culture, du Tourisme [&hellip;]","og_url":"https:\/\/gabegabe224.com\/?p=2112","article_author":"https:\/\/www.facebook.com\/share\/1BNYrYA2g4\/?mibextid=wwXIfr","article_published_time":"2026-03-17T01:11:29+00:00","article_modified_time":"2026-03-17T01:11:32+00:00","og_image":[{"width":800,"height":450,"url":"https:\/\/gabegabe224.com\/wp-content\/uploads\/2026\/03\/lecture.png","type":"image\/png"}],"author":"Kabinet Conde","twitter_card":"summary_large_image","twitter_misc":{"\u00c9crit par":"Kabinet Conde","Dur\u00e9e de lecture estim\u00e9e":"2 minutes"},"schema":{"@context":"https:\/\/schema.org","@graph":[{"@type":"Article","@id":"https:\/\/gabegabe224.com\/?p=2112#article","isPartOf":{"@id":"https:\/\/gabegabe224.com\/?p=2112"},"author":{"name":"Kabinet Conde","@id":"https:\/\/gabegabe224.com\/#\/schema\/person\/8105b579cfbd3917935604f9bf7edd16"},"headline":"Conakry : Le secteur culturel mobilis\u00e9 pour une lecture du Saint Coran en hommage au Chef de l\u2019\u00c9tat","datePublished":"2026-03-17T01:11:29+00:00","dateModified":"2026-03-17T01:11:32+00:00","mainEntityOfPage":{"@id":"https:\/\/gabegabe224.com\/?p=2112"},"wordCount":284,"commentCount":0,"image":{"@id":"https:\/\/gabegabe224.com\/?p=2112#primaryimage"},"thumbnailUrl":"https:\/\/gabegabe224.com\/wp-content\/uploads\/2026\/03\/lecture.png","articleSection":["Accueil","Culture"],"inLanguage":"fr-FR","potentialAction":[{"@type":"CommentAction","name":"Comment","target":["https:\/\/gabegabe224.com\/?p=2112#respond"]}]},{"@type":"WebPage","@id":"https:\/\/gabegabe224.com\/?p=2112","url":"https:\/\/gabegabe224.com\/?p=2112","name":"Conakry : Le secteur culturel mobilis\u00e9 pour une lecture du Saint Coran en hommage au Chef de l\u2019\u00c9tat -","isPartOf":{"@id":"https:\/\/gabegabe224.com\/#website"},"primaryImageOfPage":{"@id":"https:\/\/gabegabe224.com\/?p=2112#primaryimage"},"image":{"@id":"https:\/\/gabegabe224.com\/?p=2112#primaryimage"},"thumbnailUrl":"https:\/\/gabegabe224.com\/wp-content\/uploads\/2026\/03\/lecture.png","datePublished":"2026-03-17T01:11:29+00:00","dateModified":"2026-03-17T01:11:32+00:00","author":{"@id":"https:\/\/gabegabe224.com\/#\/schema\/person\/8105b579cfbd3917935604f9bf7edd16"},"breadcrumb":{"@id":"https:\/\/gabegabe224.com\/?p=2112#breadcrumb"},"inLanguage":"fr-FR","potentialAction":[{"@type":"ReadAction","target":["https:\/\/gabegabe224.com\/?p=2112"]}]},{"@type":"ImageObject","inLanguage":"fr-FR","@id":"https:\/\/gabegabe224.com\/?p=2112#primaryimage","url":"https:\/\/gabegabe224.com\/wp-content\/uploads\/2026\/03\/lecture.png","contentUrl":"https:\/\/gabegabe224.com\/wp-content\/uploads\/2026\/03\/lecture.png","width":800,"height":450},{"@type":"BreadcrumbList","@id":"https:\/\/gabegabe224.com\/?p=2112#breadcrumb","itemListElement":[{"@type":"ListItem","position":1,"name":"Home","item":"https:\/\/gabegabe224.com\/"},{"@type":"ListItem","position":2,"name":"Conakry : Le secteur culturel mobilis\u00e9 pour une lecture du Saint Coran en hommage au Chef de l\u2019\u00c9tat"}]},{"@type":"WebSite","@id":"https:\/\/gabegabe224.com\/#website","url":"https:\/\/gabegabe224.com\/","name":"","description":"L\u2019information au c\u0153ur du digital","potentialAction":[{"@type":"SearchAction","target":{"@type":"EntryPoint","urlTemplate":"https:\/\/gabegabe224.com\/?s={search_term_string}"},"query-input":{"@type":"PropertyValueSpecification","valueRequired":true,"valueName":"search_term_string"}}],"inLanguage":"fr-FR"},{"@type":"Person","@id":"https:\/\/gabegabe224.com\/#\/schema\/person\/8105b579cfbd3917935604f9bf7edd16","name":"Kabinet Conde","image":{"@type":"ImageObject","inLanguage":"fr-FR","@id":"https:\/\/secure.gravatar.com\/avatar\/32a081a85900638cf698d08343cf679773737b821606e5678df90c5747d5f080?s=96&d=mm&r=g","url":"https:\/\/secure.gravatar.com\/avatar\/32a081a85900638cf698d08343cf679773737b821606e5678df90c5747d5f080?s=96&d=mm&r=g","contentUrl":"https:\/\/secure.gravatar.com\/avatar\/32a081a85900638cf698d08343cf679773737b821606e5678df90c5747d5f080?s=96&d=mm&r=g","caption":"Kabinet Conde"},"sameAs":["https:\/\/www.facebook.com\/share\/1BNYrYA2g4\/?mibextid=wwXIfr","https:\/\/www.instagram.com\/kabisko_kabisko5?igsh=MXJzb3g3cXp1eGxiYQ&utm_source=qr"],"url":"https:\/\/gabegabe224.com\/?author=2"}]}},"_links":{"self":[{"href":"https:\/\/gabegabe224.com\/index.php?rest_route=\/wp\/v2\/posts\/2112","targetHints":{"allow":["GET"]}}],"collection":[{"href":"https:\/\/gabegabe224.com\/index.php?rest_route=\/wp\/v2\/posts"}],"about":[{"href":"https:\/\/gabegabe224.com\/index.php?rest_route=\/wp\/v2\/types\/post"}],"author":[{"embeddable":true,"href":"https:\/\/gabegabe224.com\/index.php?rest_route=\/wp\/v2\/users\/2"}],"replies":[{"embeddable":true,"href":"https:\/\/gabegabe224.com\/index.php?rest_route=%2Fwp%2Fv2%2Fcomments&post=2112"}],"version-history":[{"count":1,"href":"https:\/\/gabegabe224.com\/index.php?rest_route=\/wp\/v2\/posts\/2112\/revisions"}],"predecessor-version":[{"id":2115,"href":"https:\/\/gabegabe224.com\/index.php?rest_route=\/wp\/v2\/posts\/2112\/revisions\/2115"}],"wp:featuredmedia":[{"embeddable":true,"href":"https:\/\/gabegabe224.com\/index.php?rest_route=\/wp\/v2\/media\/2113"}],"wp:attachment":[{"href":"https:\/\/gabegabe224.com\/index.php?rest_route=%2Fwp%2Fv2%2Fmedia&parent=2112"}],"wp:term":[{"taxonomy":"category","embeddable":true,"href":"https:\/\/gabegabe224.com\/index.php?rest_route=%2Fwp%2Fv2%2Fcategories&post=2112"},{"taxonomy":"post_tag","embeddable":true,"href":"https:\/\/gabegabe224.com\/index.php?rest_route=%2Fwp%2Fv2%2Ftags&post=2112"}],"curies":[{"name":"wp","href":"https:\/\/api.w.org\/{rel}","templated":true}]}}