{"id":2154,"date":"2026-04-01T22:27:55","date_gmt":"2026-04-01T20:27:55","guid":{"rendered":"https:\/\/gabegabe224.com\/?p=2154"},"modified":"2026-04-01T22:27:58","modified_gmt":"2026-04-01T20:27:58","slug":"conakry-le-gala-du-ramadan-acte-2-attendu-le-5-avril-a-lhotel-noom","status":"publish","type":"post","link":"https:\/\/gabegabe224.com\/?p=2154","title":{"rendered":"Conakry : le Gala du Ramadan Acte 2 attendu le 5 avril \u00e0 l\u2019H\u00f4tel Noom"},"content":{"rendered":"\n<p>Le&nbsp;<strong>Gala du Ramadan Acte 2<\/strong>&nbsp;s\u2019annonce comme l\u2019un des rendez-vous majeurs de l\u2019humour \u00e0 Conakry. Pr\u00e9vu le&nbsp;<strong>dimanche 5 avril<\/strong>&nbsp;\u00e0 partir de 20 heures, l\u2019\u00e9v\u00e9nement se tiendra \u00e0 l\u2019Noom Hotel Conakry, avec une programmation qui promet une soir\u00e9e riche en rires et en divertissement.<\/p>\n\n\n\n<h3 class=\"wp-block-heading\">Une affiche entre Guin\u00e9e et C\u00f4te d\u2019Ivoire<\/h3>\n\n\n\n<p>Pour cette deuxi\u00e8me \u00e9dition, les organisateurs ont r\u00e9uni une pl\u00e9iade d\u2019humoristes venus de Guin\u00e9e et de C\u00f4te d\u2019Ivoire. Parmi les t\u00eates d\u2019affiche annonc\u00e9es figurent&nbsp;Digbeu Cravate,&nbsp;Le Magnific&nbsp;et Boukary c\u00f4t\u00e9 ivoirien.<\/p>\n\n\n\n<p>La sc\u00e8ne guin\u00e9enne sera \u00e9galement bien repr\u00e9sent\u00e9e avec&nbsp;Kabakoudou&nbsp;et le groupe des&nbsp;<strong>Am\u00e9ricans Boys<\/strong>, connus pour leurs prestations humoristiques appr\u00e9ci\u00e9es du public local.<\/p>\n\n\n\n<h3 class=\"wp-block-heading\">Un rendez-vous festif et convivial<\/h3>\n\n\n\n<p>Pens\u00e9 comme un moment de d\u00e9tente et de c\u00e9l\u00e9bration, le gala ambitionne de r\u00e9unir un public vari\u00e9 autour de l\u2019humour, dans un cadre \u00e9l\u00e9gant et convivial.<\/p>\n\n\n\n<p>Les billets sont propos\u00e9s \u00e0&nbsp;<strong>500 000 GNF<\/strong>&nbsp;en entr\u00e9e standard, tandis que l\u2019acc\u00e8s&nbsp;<strong>VIP<\/strong>, fix\u00e9 \u00e0&nbsp;<strong>1 000 000 GNF<\/strong>, inclut un buffet pour les participants.<\/p>\n\n\n\n<h3 class=\"wp-block-heading\">Une organisation sign\u00e9e CERC et Bravo<\/h3>\n\n\n\n<p>L\u2019\u00e9v\u00e9nement est initi\u00e9 par le&nbsp;<strong>Centre d\u2019Exposition, de R\u00e9seautage et de Coaching (CERC)<\/strong>, en collaboration avec la structure Bravo. Une initiative qui s\u2019inscrit dans la volont\u00e9 de dynamiser la sc\u00e8ne culturelle et humoristique en Guin\u00e9e, \u00e0 travers des \u00e9v\u00e9nements d\u2019envergure.<\/p>\n\n\n\n<p>Pour toute information ou r\u00e9servation, les organisateurs invitent le public \u00e0 contacter les num\u00e9ros suivants :&nbsp;<strong>628 36 49 35 \/ 620 00 07 44<\/strong>.<\/p>\n\n\n\n<p>Avec une telle affiche, le Gala du Ramadan Acte 2 s\u2019annonce comme une soir\u00e9e incontournable pour les amateurs d\u2019humour \u00e0 Conakry.<\/p>\n\n\n\n<figure class=\"wp-block-image size-large\"><img  title=\"\" width=\"878\" height=\"1024\"   alt=\"AFFICHE-GALA-DU-RAMADAN.jpg-878x1024 Conakry : le Gala du Ramadan Acte 2 attendu le 5 avril \u00e0 l\u2019H\u00f4tel Noom\"  class=\"wp-image-2155 lws-optimize-lazyload\"\/ data-src=\"https:\/\/gabegabe224.com\/wp-content\/uploads\/2026\/04\/AFFICHE-GALA-DU-RAMADAN.jpg-878x1024.jpeg\" srcset=\"https:\/\/gabegabe224.com\/wp-content\/uploads\/2026\/04\/AFFICHE-GALA-DU-RAMADAN.jpg-878x1024.jpeg 878w, https:\/\/gabegabe224.com\/wp-content\/uploads\/2026\/04\/AFFICHE-GALA-DU-RAMADAN.jpg-257x300.jpeg 257w, https:\/\/gabegabe224.com\/wp-content\/uploads\/2026\/04\/AFFICHE-GALA-DU-RAMADAN.jpg-768x895.jpeg 768w, https:\/\/gabegabe224.com\/wp-content\/uploads\/2026\/04\/AFFICHE-GALA-DU-RAMADAN.jpg-1317x1536.jpeg 1317w, https:\/\/gabegabe224.com\/wp-content\/uploads\/2026\/04\/AFFICHE-GALA-DU-RAMADAN.jpg-1756x2048.jpeg 1756w\" sizes=\"(max-width: 878px) 100vw, 878px\" \/><\/figure>\n","protected":false},"excerpt":{"rendered":"<p>Le&nbsp;Gala du Ramadan Acte 2&nbsp;s\u2019annonce comme l\u2019un des rendez-vous majeurs de l\u2019humour \u00e0 Conakry. Pr\u00e9vu le&nbsp;dimanche 5 avril&nbsp;\u00e0 partir de 20 heures, l\u2019\u00e9v\u00e9nement se tiendra \u00e0 l\u2019Noom Hotel Conakry, avec une programmation qui promet une soir\u00e9e riche en rires et en divertissement. Une affiche entre Guin\u00e9e et C\u00f4te d\u2019Ivoire Pour cette deuxi\u00e8me \u00e9dition, les organisateurs [&hellip;]<\/p>\n","protected":false},"author":2,"featured_media":2156,"comment_status":"open","ping_status":"open","sticky":false,"template":"","format":"standard","meta":{"footnotes":""},"categories":[1,11],"tags":[],"class_list":["post-2154","post","type-post","status-publish","format-standard","has-post-thumbnail","hentry","category-accueil","category-evenement"],"yoast_head":"<!-- This site is optimized with the Yoast SEO plugin v27.5 - https:\/\/yoast.com\/product\/yoast-seo-wordpress\/ -->\n<title>Conakry : le Gala du Ramadan Acte 2 attendu le 5 avril \u00e0 l\u2019H\u00f4tel Noom -<\/title>\n<meta name=\"robots\" content=\"index, follow, max-snippet:-1, max-image-preview:large, max-video-preview:-1\" \/>\n<link rel=\"canonical\" href=\"https:\/\/gabegabe224.com\/?p=2154\" \/>\n<meta property=\"og:locale\" content=\"fr_FR\" \/>\n<meta property=\"og:type\" content=\"article\" \/>\n<meta property=\"og:title\" content=\"Conakry : le Gala du Ramadan Acte 2 attendu le 5 avril \u00e0 l\u2019H\u00f4tel Noom -\" \/>\n<meta property=\"og:description\" content=\"Le&nbsp;Gala du Ramadan Acte 2&nbsp;s\u2019annonce comme l\u2019un des rendez-vous majeurs de l\u2019humour \u00e0 Conakry. Pr\u00e9vu le&nbsp;dimanche 5 avril&nbsp;\u00e0 partir de 20 heures, l\u2019\u00e9v\u00e9nement se tiendra \u00e0 l\u2019Noom Hotel Conakry, avec une programmation qui promet une soir\u00e9e riche en rires et en divertissement. Une affiche entre Guin\u00e9e et C\u00f4te d\u2019Ivoire Pour cette deuxi\u00e8me \u00e9dition, les organisateurs [&hellip;]\" \/>\n<meta property=\"og:url\" content=\"https:\/\/gabegabe224.com\/?p=2154\" \/>\n<meta property=\"article:author\" content=\"https:\/\/www.facebook.com\/share\/1BNYrYA2g4\/?mibextid=wwXIfr\" \/>\n<meta property=\"article:published_time\" content=\"2026-04-01T20:27:55+00:00\" \/>\n<meta property=\"article:modified_time\" content=\"2026-04-01T20:27:58+00:00\" \/>\n<meta property=\"og:image\" content=\"https:\/\/gabegabe224.com\/wp-content\/uploads\/2026\/04\/cerc.png\" \/>\n\t<meta property=\"og:image:width\" content=\"800\" \/>\n\t<meta property=\"og:image:height\" content=\"450\" \/>\n\t<meta property=\"og:image:type\" content=\"image\/png\" \/>\n<meta name=\"author\" content=\"Kabinet Conde\" \/>\n<meta name=\"twitter:card\" content=\"summary_large_image\" \/>\n<meta name=\"twitter:label1\" content=\"\u00c9crit par\" \/>\n\t<meta name=\"twitter:data1\" content=\"Kabinet Conde\" \/>\n\t<meta name=\"twitter:label2\" content=\"Dur\u00e9e de lecture estim\u00e9e\" \/>\n\t<meta name=\"twitter:data2\" content=\"2 minutes\" \/>\n<script type=\"application\/ld+json\" class=\"yoast-schema-graph\">{\"@context\":\"https:\\\/\\\/schema.org\",\"@graph\":[{\"@type\":\"Article\",\"@id\":\"https:\\\/\\\/gabegabe224.com\\\/?p=2154#article\",\"isPartOf\":{\"@id\":\"https:\\\/\\\/gabegabe224.com\\\/?p=2154\"},\"author\":{\"name\":\"Kabinet Conde\",\"@id\":\"https:\\\/\\\/gabegabe224.com\\\/#\\\/schema\\\/person\\\/8105b579cfbd3917935604f9bf7edd16\"},\"headline\":\"Conakry : le Gala du Ramadan Acte 2 attendu le 5 avril \u00e0 l\u2019H\u00f4tel Noom\",\"datePublished\":\"2026-04-01T20:27:55+00:00\",\"dateModified\":\"2026-04-01T20:27:58+00:00\",\"mainEntityOfPage\":{\"@id\":\"https:\\\/\\\/gabegabe224.com\\\/?p=2154\"},\"wordCount\":315,\"commentCount\":0,\"image\":{\"@id\":\"https:\\\/\\\/gabegabe224.com\\\/?p=2154#primaryimage\"},\"thumbnailUrl\":\"https:\\\/\\\/gabegabe224.com\\\/wp-content\\\/uploads\\\/2026\\\/04\\\/cerc.png\",\"articleSection\":[\"Accueil\",\"Ev\u00e8nement\"],\"inLanguage\":\"fr-FR\",\"potentialAction\":[{\"@type\":\"CommentAction\",\"name\":\"Comment\",\"target\":[\"https:\\\/\\\/gabegabe224.com\\\/?p=2154#respond\"]}]},{\"@type\":\"WebPage\",\"@id\":\"https:\\\/\\\/gabegabe224.com\\\/?p=2154\",\"url\":\"https:\\\/\\\/gabegabe224.com\\\/?p=2154\",\"name\":\"Conakry : le Gala du Ramadan Acte 2 attendu le 5 avril \u00e0 l\u2019H\u00f4tel Noom -\",\"isPartOf\":{\"@id\":\"https:\\\/\\\/gabegabe224.com\\\/#website\"},\"primaryImageOfPage\":{\"@id\":\"https:\\\/\\\/gabegabe224.com\\\/?p=2154#primaryimage\"},\"image\":{\"@id\":\"https:\\\/\\\/gabegabe224.com\\\/?p=2154#primaryimage\"},\"thumbnailUrl\":\"https:\\\/\\\/gabegabe224.com\\\/wp-content\\\/uploads\\\/2026\\\/04\\\/cerc.png\",\"datePublished\":\"2026-04-01T20:27:55+00:00\",\"dateModified\":\"2026-04-01T20:27:58+00:00\",\"author\":{\"@id\":\"https:\\\/\\\/gabegabe224.com\\\/#\\\/schema\\\/person\\\/8105b579cfbd3917935604f9bf7edd16\"},\"breadcrumb\":{\"@id\":\"https:\\\/\\\/gabegabe224.com\\\/?p=2154#breadcrumb\"},\"inLanguage\":\"fr-FR\",\"potentialAction\":[{\"@type\":\"ReadAction\",\"target\":[\"https:\\\/\\\/gabegabe224.com\\\/?p=2154\"]}]},{\"@type\":\"ImageObject\",\"inLanguage\":\"fr-FR\",\"@id\":\"https:\\\/\\\/gabegabe224.com\\\/?p=2154#primaryimage\",\"url\":\"https:\\\/\\\/gabegabe224.com\\\/wp-content\\\/uploads\\\/2026\\\/04\\\/cerc.png\",\"contentUrl\":\"https:\\\/\\\/gabegabe224.com\\\/wp-content\\\/uploads\\\/2026\\\/04\\\/cerc.png\",\"width\":800,\"height\":450},{\"@type\":\"BreadcrumbList\",\"@id\":\"https:\\\/\\\/gabegabe224.com\\\/?p=2154#breadcrumb\",\"itemListElement\":[{\"@type\":\"ListItem\",\"position\":1,\"name\":\"Home\",\"item\":\"https:\\\/\\\/gabegabe224.com\\\/\"},{\"@type\":\"ListItem\",\"position\":2,\"name\":\"Conakry : le Gala du Ramadan Acte 2 attendu le 5 avril \u00e0 l\u2019H\u00f4tel Noom\"}]},{\"@type\":\"WebSite\",\"@id\":\"https:\\\/\\\/gabegabe224.com\\\/#website\",\"url\":\"https:\\\/\\\/gabegabe224.com\\\/\",\"name\":\"\",\"description\":\"L\u2019information au c\u0153ur du digital\",\"potentialAction\":[{\"@type\":\"SearchAction\",\"target\":{\"@type\":\"EntryPoint\",\"urlTemplate\":\"https:\\\/\\\/gabegabe224.com\\\/?s={search_term_string}\"},\"query-input\":{\"@type\":\"PropertyValueSpecification\",\"valueRequired\":true,\"valueName\":\"search_term_string\"}}],\"inLanguage\":\"fr-FR\"},{\"@type\":\"Person\",\"@id\":\"https:\\\/\\\/gabegabe224.com\\\/#\\\/schema\\\/person\\\/8105b579cfbd3917935604f9bf7edd16\",\"name\":\"Kabinet Conde\",\"image\":{\"@type\":\"ImageObject\",\"inLanguage\":\"fr-FR\",\"@id\":\"https:\\\/\\\/secure.gravatar.com\\\/avatar\\\/32a081a85900638cf698d08343cf679773737b821606e5678df90c5747d5f080?s=96&d=mm&r=g\",\"url\":\"https:\\\/\\\/secure.gravatar.com\\\/avatar\\\/32a081a85900638cf698d08343cf679773737b821606e5678df90c5747d5f080?s=96&d=mm&r=g\",\"contentUrl\":\"https:\\\/\\\/secure.gravatar.com\\\/avatar\\\/32a081a85900638cf698d08343cf679773737b821606e5678df90c5747d5f080?s=96&d=mm&r=g\",\"caption\":\"Kabinet Conde\"},\"sameAs\":[\"https:\\\/\\\/www.facebook.com\\\/share\\\/1BNYrYA2g4\\\/?mibextid=wwXIfr\",\"https:\\\/\\\/www.instagram.com\\\/kabisko_kabisko5?igsh=MXJzb3g3cXp1eGxiYQ&utm_source=qr\"],\"url\":\"https:\\\/\\\/gabegabe224.com\\\/?author=2\"}]}<\/script>\n<!-- \/ Yoast SEO plugin. -->","yoast_head_json":{"title":"Conakry : le Gala du Ramadan Acte 2 attendu le 5 avril \u00e0 l\u2019H\u00f4tel Noom -","robots":{"index":"index","follow":"follow","max-snippet":"max-snippet:-1","max-image-preview":"max-image-preview:large","max-video-preview":"max-video-preview:-1"},"canonical":"https:\/\/gabegabe224.com\/?p=2154","og_locale":"fr_FR","og_type":"article","og_title":"Conakry : le Gala du Ramadan Acte 2 attendu le 5 avril \u00e0 l\u2019H\u00f4tel Noom -","og_description":"Le&nbsp;Gala du Ramadan Acte 2&nbsp;s\u2019annonce comme l\u2019un des rendez-vous majeurs de l\u2019humour \u00e0 Conakry. Pr\u00e9vu le&nbsp;dimanche 5 avril&nbsp;\u00e0 partir de 20 heures, l\u2019\u00e9v\u00e9nement se tiendra \u00e0 l\u2019Noom Hotel Conakry, avec une programmation qui promet une soir\u00e9e riche en rires et en divertissement. Une affiche entre Guin\u00e9e et C\u00f4te d\u2019Ivoire Pour cette deuxi\u00e8me \u00e9dition, les organisateurs [&hellip;]","og_url":"https:\/\/gabegabe224.com\/?p=2154","article_author":"https:\/\/www.facebook.com\/share\/1BNYrYA2g4\/?mibextid=wwXIfr","article_published_time":"2026-04-01T20:27:55+00:00","article_modified_time":"2026-04-01T20:27:58+00:00","og_image":[{"width":800,"height":450,"url":"https:\/\/gabegabe224.com\/wp-content\/uploads\/2026\/04\/cerc.png","type":"image\/png"}],"author":"Kabinet Conde","twitter_card":"summary_large_image","twitter_misc":{"\u00c9crit par":"Kabinet Conde","Dur\u00e9e de lecture estim\u00e9e":"2 minutes"},"schema":{"@context":"https:\/\/schema.org","@graph":[{"@type":"Article","@id":"https:\/\/gabegabe224.com\/?p=2154#article","isPartOf":{"@id":"https:\/\/gabegabe224.com\/?p=2154"},"author":{"name":"Kabinet Conde","@id":"https:\/\/gabegabe224.com\/#\/schema\/person\/8105b579cfbd3917935604f9bf7edd16"},"headline":"Conakry : le Gala du Ramadan Acte 2 attendu le 5 avril \u00e0 l\u2019H\u00f4tel Noom","datePublished":"2026-04-01T20:27:55+00:00","dateModified":"2026-04-01T20:27:58+00:00","mainEntityOfPage":{"@id":"https:\/\/gabegabe224.com\/?p=2154"},"wordCount":315,"commentCount":0,"image":{"@id":"https:\/\/gabegabe224.com\/?p=2154#primaryimage"},"thumbnailUrl":"https:\/\/gabegabe224.com\/wp-content\/uploads\/2026\/04\/cerc.png","articleSection":["Accueil","Ev\u00e8nement"],"inLanguage":"fr-FR","potentialAction":[{"@type":"CommentAction","name":"Comment","target":["https:\/\/gabegabe224.com\/?p=2154#respond"]}]},{"@type":"WebPage","@id":"https:\/\/gabegabe224.com\/?p=2154","url":"https:\/\/gabegabe224.com\/?p=2154","name":"Conakry : le Gala du Ramadan Acte 2 attendu le 5 avril \u00e0 l\u2019H\u00f4tel Noom -","isPartOf":{"@id":"https:\/\/gabegabe224.com\/#website"},"primaryImageOfPage":{"@id":"https:\/\/gabegabe224.com\/?p=2154#primaryimage"},"image":{"@id":"https:\/\/gabegabe224.com\/?p=2154#primaryimage"},"thumbnailUrl":"https:\/\/gabegabe224.com\/wp-content\/uploads\/2026\/04\/cerc.png","datePublished":"2026-04-01T20:27:55+00:00","dateModified":"2026-04-01T20:27:58+00:00","author":{"@id":"https:\/\/gabegabe224.com\/#\/schema\/person\/8105b579cfbd3917935604f9bf7edd16"},"breadcrumb":{"@id":"https:\/\/gabegabe224.com\/?p=2154#breadcrumb"},"inLanguage":"fr-FR","potentialAction":[{"@type":"ReadAction","target":["https:\/\/gabegabe224.com\/?p=2154"]}]},{"@type":"ImageObject","inLanguage":"fr-FR","@id":"https:\/\/gabegabe224.com\/?p=2154#primaryimage","url":"https:\/\/gabegabe224.com\/wp-content\/uploads\/2026\/04\/cerc.png","contentUrl":"https:\/\/gabegabe224.com\/wp-content\/uploads\/2026\/04\/cerc.png","width":800,"height":450},{"@type":"BreadcrumbList","@id":"https:\/\/gabegabe224.com\/?p=2154#breadcrumb","itemListElement":[{"@type":"ListItem","position":1,"name":"Home","item":"https:\/\/gabegabe224.com\/"},{"@type":"ListItem","position":2,"name":"Conakry : le Gala du Ramadan Acte 2 attendu le 5 avril \u00e0 l\u2019H\u00f4tel Noom"}]},{"@type":"WebSite","@id":"https:\/\/gabegabe224.com\/#website","url":"https:\/\/gabegabe224.com\/","name":"","description":"L\u2019information au c\u0153ur du digital","potentialAction":[{"@type":"SearchAction","target":{"@type":"EntryPoint","urlTemplate":"https:\/\/gabegabe224.com\/?s={search_term_string}"},"query-input":{"@type":"PropertyValueSpecification","valueRequired":true,"valueName":"search_term_string"}}],"inLanguage":"fr-FR"},{"@type":"Person","@id":"https:\/\/gabegabe224.com\/#\/schema\/person\/8105b579cfbd3917935604f9bf7edd16","name":"Kabinet Conde","image":{"@type":"ImageObject","inLanguage":"fr-FR","@id":"https:\/\/secure.gravatar.com\/avatar\/32a081a85900638cf698d08343cf679773737b821606e5678df90c5747d5f080?s=96&d=mm&r=g","url":"https:\/\/secure.gravatar.com\/avatar\/32a081a85900638cf698d08343cf679773737b821606e5678df90c5747d5f080?s=96&d=mm&r=g","contentUrl":"https:\/\/secure.gravatar.com\/avatar\/32a081a85900638cf698d08343cf679773737b821606e5678df90c5747d5f080?s=96&d=mm&r=g","caption":"Kabinet Conde"},"sameAs":["https:\/\/www.facebook.com\/share\/1BNYrYA2g4\/?mibextid=wwXIfr","https:\/\/www.instagram.com\/kabisko_kabisko5?igsh=MXJzb3g3cXp1eGxiYQ&utm_source=qr"],"url":"https:\/\/gabegabe224.com\/?author=2"}]}},"_links":{"self":[{"href":"https:\/\/gabegabe224.com\/index.php?rest_route=\/wp\/v2\/posts\/2154","targetHints":{"allow":["GET"]}}],"collection":[{"href":"https:\/\/gabegabe224.com\/index.php?rest_route=\/wp\/v2\/posts"}],"about":[{"href":"https:\/\/gabegabe224.com\/index.php?rest_route=\/wp\/v2\/types\/post"}],"author":[{"embeddable":true,"href":"https:\/\/gabegabe224.com\/index.php?rest_route=\/wp\/v2\/users\/2"}],"replies":[{"embeddable":true,"href":"https:\/\/gabegabe224.com\/index.php?rest_route=%2Fwp%2Fv2%2Fcomments&post=2154"}],"version-history":[{"count":1,"href":"https:\/\/gabegabe224.com\/index.php?rest_route=\/wp\/v2\/posts\/2154\/revisions"}],"predecessor-version":[{"id":2157,"href":"https:\/\/gabegabe224.com\/index.php?rest_route=\/wp\/v2\/posts\/2154\/revisions\/2157"}],"wp:featuredmedia":[{"embeddable":true,"href":"https:\/\/gabegabe224.com\/index.php?rest_route=\/wp\/v2\/media\/2156"}],"wp:attachment":[{"href":"https:\/\/gabegabe224.com\/index.php?rest_route=%2Fwp%2Fv2%2Fmedia&parent=2154"}],"wp:term":[{"taxonomy":"category","embeddable":true,"href":"https:\/\/gabegabe224.com\/index.php?rest_route=%2Fwp%2Fv2%2Fcategories&post=2154"},{"taxonomy":"post_tag","embeddable":true,"href":"https:\/\/gabegabe224.com\/index.php?rest_route=%2Fwp%2Fv2%2Ftags&post=2154"}],"curies":[{"name":"wp","href":"https:\/\/api.w.org\/{rel}","templated":true}]}}