{"id":2246,"date":"2026-04-26T16:03:27","date_gmt":"2026-04-26T14:03:27","guid":{"rendered":"https:\/\/gabegabe224.com\/?p=2246"},"modified":"2026-04-26T16:03:32","modified_gmt":"2026-04-26T14:03:32","slug":"feminia-dor-2026-mariama-daff-honoree-pour-son-leadership-et-son-action-sociale","status":"publish","type":"post","link":"https:\/\/gabegabe224.com\/?p=2246","title":{"rendered":"FEMINIA D\u2019OR 2026 : Mariama Daff honor\u00e9e pour son leadership et son action sociale"},"content":{"rendered":"\n<p>La c\u00e9r\u00e9monie de distinction des laur\u00e9ats du <strong>FEMINIA D\u2019OR 2026<\/strong>, organis\u00e9e hier en Guin\u00e9e, a consacr\u00e9 plusieurs figures du d\u00e9veloppement socio-\u00e9conomique. Parmi elles, l\u2019entrepreneure <strong>Mariama Daff <\/strong>a re\u00e7u le troph\u00e9e du FEMINIA D\u2019OR 2026, r\u00e9compensant son parcours et son engagement en faveur de l\u2019entrepreneuriat f\u00e9minin.<\/p>\n\n\n\n<figure class=\"wp-block-image size-large\"><img  title=\"\" width=\"682\" height=\"1024\"   alt=\"00fbf0a5-2e58-4b97-bc80-55b4d5b582ca-682x1024 FEMINIA D\u2019OR 2026 : Mariama Daff honor\u00e9e pour son leadership et son action sociale\"  class=\"wp-image-2248 lws-optimize-lazyload\"\/ data-src=\"https:\/\/gabegabe224.com\/wp-content\/uploads\/2026\/04\/00fbf0a5-2e58-4b97-bc80-55b4d5b582ca-682x1024.jpeg\" srcset=\"https:\/\/gabegabe224.com\/wp-content\/uploads\/2026\/04\/00fbf0a5-2e58-4b97-bc80-55b4d5b582ca-682x1024.jpeg 682w, https:\/\/gabegabe224.com\/wp-content\/uploads\/2026\/04\/00fbf0a5-2e58-4b97-bc80-55b4d5b582ca-200x300.jpeg 200w, https:\/\/gabegabe224.com\/wp-content\/uploads\/2026\/04\/00fbf0a5-2e58-4b97-bc80-55b4d5b582ca-768x1153.jpeg 768w, https:\/\/gabegabe224.com\/wp-content\/uploads\/2026\/04\/00fbf0a5-2e58-4b97-bc80-55b4d5b582ca-1023x1536.jpeg 1023w, https:\/\/gabegabe224.com\/wp-content\/uploads\/2026\/04\/00fbf0a5-2e58-4b97-bc80-55b4d5b582ca.jpeg 1066w\" sizes=\"(max-width: 682px) 100vw, 682px\" \/><\/figure>\n\n\n\n<p>Directrice g\u00e9n\u00e9rale de <strong>Marcofiguinee<\/strong>, entreprise sp\u00e9cialis\u00e9e dans la construction, la r\u00e9novation ainsi que la production et la vente de briques, Mariama Daff s\u2019impose comme une actrice du secteur priv\u00e9 en Guin\u00e9e. \u00c0 travers ses activit\u00e9s, elle participe \u00e0 l\u2019am\u00e9lioration des infrastructures tout en promouvant des solutions de construction accessibles et durables.<\/p>\n\n\n\n<p>Engag\u00e9e \u00e9galement sur le plan social, elle pr\u00e9side l\u2019<strong>ONG Force des Femmes<\/strong>, qui \u0153uvre pour la promotion du leadership f\u00e9minin, l\u2019autonomisation et l\u2019inclusion socio-\u00e9conomique des femmes. Ses initiatives visent notamment \u00e0 renforcer la participation des femmes dans le d\u00e9veloppement communautaire et \u00e9conomique.<\/p>\n\n\n\n<p>Tr\u00e8s \u00e9mue apr\u00e8s la r\u00e9ception de son troph\u00e9e, la laur\u00e9ate a exprim\u00e9 sa gratitude :<\/p>\n\n\n\n<blockquote class=\"wp-block-quote is-layout-flow wp-block-quote-is-layout-flow\">\n<p><em><strong>\u00ab Recevoir le F\u00e9minin d\u2019Or 2026 est un symbole fort, celui de l\u2019engagement, du leadership f\u00e9minin et de la volont\u00e9 de transformer nos d\u00e9fis en opportunit\u00e9s. Cette nomination n\u2019est pas seulement la mienne, elle appartient \u00e0 toutes ces femmes qui osent, qui cr\u00e9ent, qui dirigent et qui inspirent. Je suis tr\u00e8s honor\u00e9e pour cette distinction. Merci aux organisateurs. \u00bb<\/strong><\/em><\/p>\n<\/blockquote>\n\n\n\n<figure class=\"wp-block-image size-large\"><img  title=\"\" width=\"682\" height=\"1024\"   alt=\"14589a53-753c-4f5a-9aca-e2d1805b5a4d-682x1024 FEMINIA D\u2019OR 2026 : Mariama Daff honor\u00e9e pour son leadership et son action sociale\"  class=\"wp-image-2249 lws-optimize-lazyload\"\/ data-src=\"https:\/\/gabegabe224.com\/wp-content\/uploads\/2026\/04\/14589a53-753c-4f5a-9aca-e2d1805b5a4d-682x1024.jpeg\" srcset=\"https:\/\/gabegabe224.com\/wp-content\/uploads\/2026\/04\/14589a53-753c-4f5a-9aca-e2d1805b5a4d-682x1024.jpeg 682w, https:\/\/gabegabe224.com\/wp-content\/uploads\/2026\/04\/14589a53-753c-4f5a-9aca-e2d1805b5a4d-200x300.jpeg 200w, https:\/\/gabegabe224.com\/wp-content\/uploads\/2026\/04\/14589a53-753c-4f5a-9aca-e2d1805b5a4d-768x1153.jpeg 768w, https:\/\/gabegabe224.com\/wp-content\/uploads\/2026\/04\/14589a53-753c-4f5a-9aca-e2d1805b5a4d-1023x1536.jpeg 1023w, https:\/\/gabegabe224.com\/wp-content\/uploads\/2026\/04\/14589a53-753c-4f5a-9aca-e2d1805b5a4d.jpeg 1066w\" sizes=\"(max-width: 682px) 100vw, 682px\" \/><\/figure>\n\n\n\n<p>Au-del\u00e0 de cette distinction, Mariama Daff poursuit ses actions de terrain, notamment \u00e0 travers un programme de formation visant 2 500 femmes dans les m\u00e9tiers techniques et industriels dans le cadre du projet Simandou.<\/p>\n\n\n\n<figure class=\"wp-block-image size-large\"><img  title=\"\" width=\"1024\" height=\"682\"   alt=\"2ffe5e27-b141-4a6c-b336-871306802284-1024x682 FEMINIA D\u2019OR 2026 : Mariama Daff honor\u00e9e pour son leadership et son action sociale\"  class=\"wp-image-2250 lws-optimize-lazyload\"\/ data-src=\"https:\/\/gabegabe224.com\/wp-content\/uploads\/2026\/04\/2ffe5e27-b141-4a6c-b336-871306802284-1024x682.jpeg\" srcset=\"https:\/\/gabegabe224.com\/wp-content\/uploads\/2026\/04\/2ffe5e27-b141-4a6c-b336-871306802284-1024x682.jpeg 1024w, https:\/\/gabegabe224.com\/wp-content\/uploads\/2026\/04\/2ffe5e27-b141-4a6c-b336-871306802284-300x200.jpeg 300w, https:\/\/gabegabe224.com\/wp-content\/uploads\/2026\/04\/2ffe5e27-b141-4a6c-b336-871306802284-768x512.jpeg 768w, https:\/\/gabegabe224.com\/wp-content\/uploads\/2026\/04\/2ffe5e27-b141-4a6c-b336-871306802284-1536x1023.jpeg 1536w, https:\/\/gabegabe224.com\/wp-content\/uploads\/2026\/04\/2ffe5e27-b141-4a6c-b336-871306802284.jpeg 1600w\" sizes=\"(max-width: 1024px) 100vw, 1024px\" \/><\/figure>\n\n\n\n<p>\u00c0 travers ce prix, le FEMINIA D\u2019OR 2026 met une nouvelle fois en lumi\u00e8re des parcours f\u00e9minins qui, entre engagement social et initiative entrepreneuriale, participent activement \u00e0 la transformation \u00e9conomique et sociale de la Guin\u00e9e.<\/p>\n\n\n\n<p><\/p>\n","protected":false},"excerpt":{"rendered":"<p>La c\u00e9r\u00e9monie de distinction des laur\u00e9ats du FEMINIA D\u2019OR 2026, organis\u00e9e hier en Guin\u00e9e, a consacr\u00e9 plusieurs figures du d\u00e9veloppement socio-\u00e9conomique. Parmi elles, l\u2019entrepreneure Mariama Daff a re\u00e7u le troph\u00e9e du FEMINIA D\u2019OR 2026, r\u00e9compensant son parcours et son engagement en faveur de l\u2019entrepreneuriat f\u00e9minin. Directrice g\u00e9n\u00e9rale de Marcofiguinee, entreprise sp\u00e9cialis\u00e9e dans la construction, la [&hellip;]<\/p>\n","protected":false},"author":2,"featured_media":2247,"comment_status":"open","ping_status":"open","sticky":false,"template":"","format":"standard","meta":{"footnotes":""},"categories":[1,12],"tags":[],"class_list":["post-2246","post","type-post","status-publish","format-standard","has-post-thumbnail","hentry","category-accueil","category-societe"],"yoast_head":"<!-- This site is optimized with the Yoast SEO plugin v27.4 - https:\/\/yoast.com\/product\/yoast-seo-wordpress\/ -->\n<title>FEMINIA D\u2019OR 2026 : Mariama Daff honor\u00e9e pour son leadership et son action sociale -<\/title>\n<meta name=\"robots\" content=\"index, follow, max-snippet:-1, max-image-preview:large, max-video-preview:-1\" \/>\n<link rel=\"canonical\" href=\"https:\/\/gabegabe224.com\/?p=2246\" \/>\n<meta property=\"og:locale\" content=\"fr_FR\" \/>\n<meta property=\"og:type\" content=\"article\" \/>\n<meta property=\"og:title\" content=\"FEMINIA D\u2019OR 2026 : Mariama Daff honor\u00e9e pour son leadership et son action sociale -\" \/>\n<meta property=\"og:description\" content=\"La c\u00e9r\u00e9monie de distinction des laur\u00e9ats du FEMINIA D\u2019OR 2026, organis\u00e9e hier en Guin\u00e9e, a consacr\u00e9 plusieurs figures du d\u00e9veloppement socio-\u00e9conomique. Parmi elles, l\u2019entrepreneure Mariama Daff a re\u00e7u le troph\u00e9e du FEMINIA D\u2019OR 2026, r\u00e9compensant son parcours et son engagement en faveur de l\u2019entrepreneuriat f\u00e9minin. Directrice g\u00e9n\u00e9rale de Marcofiguinee, entreprise sp\u00e9cialis\u00e9e dans la construction, la [&hellip;]\" \/>\n<meta property=\"og:url\" content=\"https:\/\/gabegabe224.com\/?p=2246\" \/>\n<meta property=\"article:author\" content=\"https:\/\/www.facebook.com\/share\/1BNYrYA2g4\/?mibextid=wwXIfr\" \/>\n<meta property=\"article:published_time\" content=\"2026-04-26T14:03:27+00:00\" \/>\n<meta property=\"article:modified_time\" content=\"2026-04-26T14:03:32+00:00\" \/>\n<meta property=\"og:image\" content=\"https:\/\/gabegabe224.com\/wp-content\/uploads\/2026\/04\/daff.png\" \/>\n\t<meta property=\"og:image:width\" content=\"800\" \/>\n\t<meta property=\"og:image:height\" content=\"450\" \/>\n\t<meta property=\"og:image:type\" content=\"image\/png\" \/>\n<meta name=\"author\" content=\"Kabinet Conde\" \/>\n<meta name=\"twitter:card\" content=\"summary_large_image\" \/>\n<meta name=\"twitter:label1\" content=\"\u00c9crit par\" \/>\n\t<meta name=\"twitter:data1\" content=\"Kabinet Conde\" \/>\n\t<meta name=\"twitter:label2\" content=\"Dur\u00e9e de lecture estim\u00e9e\" \/>\n\t<meta name=\"twitter:data2\" content=\"2 minutes\" \/>\n<script type=\"application\/ld+json\" class=\"yoast-schema-graph\">{\"@context\":\"https:\\\/\\\/schema.org\",\"@graph\":[{\"@type\":\"Article\",\"@id\":\"https:\\\/\\\/gabegabe224.com\\\/?p=2246#article\",\"isPartOf\":{\"@id\":\"https:\\\/\\\/gabegabe224.com\\\/?p=2246\"},\"author\":{\"name\":\"Kabinet Conde\",\"@id\":\"https:\\\/\\\/gabegabe224.com\\\/#\\\/schema\\\/person\\\/8105b579cfbd3917935604f9bf7edd16\"},\"headline\":\"FEMINIA D\u2019OR 2026 : Mariama Daff honor\u00e9e pour son leadership et son action sociale\",\"datePublished\":\"2026-04-26T14:03:27+00:00\",\"dateModified\":\"2026-04-26T14:03:32+00:00\",\"mainEntityOfPage\":{\"@id\":\"https:\\\/\\\/gabegabe224.com\\\/?p=2246\"},\"wordCount\":332,\"commentCount\":0,\"image\":{\"@id\":\"https:\\\/\\\/gabegabe224.com\\\/?p=2246#primaryimage\"},\"thumbnailUrl\":\"https:\\\/\\\/gabegabe224.com\\\/wp-content\\\/uploads\\\/2026\\\/04\\\/daff.png\",\"articleSection\":[\"Accueil\",\"Soci\u00e9t\u00e9\"],\"inLanguage\":\"fr-FR\",\"potentialAction\":[{\"@type\":\"CommentAction\",\"name\":\"Comment\",\"target\":[\"https:\\\/\\\/gabegabe224.com\\\/?p=2246#respond\"]}]},{\"@type\":\"WebPage\",\"@id\":\"https:\\\/\\\/gabegabe224.com\\\/?p=2246\",\"url\":\"https:\\\/\\\/gabegabe224.com\\\/?p=2246\",\"name\":\"FEMINIA D\u2019OR 2026 : Mariama Daff honor\u00e9e pour son leadership et son action sociale -\",\"isPartOf\":{\"@id\":\"https:\\\/\\\/gabegabe224.com\\\/#website\"},\"primaryImageOfPage\":{\"@id\":\"https:\\\/\\\/gabegabe224.com\\\/?p=2246#primaryimage\"},\"image\":{\"@id\":\"https:\\\/\\\/gabegabe224.com\\\/?p=2246#primaryimage\"},\"thumbnailUrl\":\"https:\\\/\\\/gabegabe224.com\\\/wp-content\\\/uploads\\\/2026\\\/04\\\/daff.png\",\"datePublished\":\"2026-04-26T14:03:27+00:00\",\"dateModified\":\"2026-04-26T14:03:32+00:00\",\"author\":{\"@id\":\"https:\\\/\\\/gabegabe224.com\\\/#\\\/schema\\\/person\\\/8105b579cfbd3917935604f9bf7edd16\"},\"breadcrumb\":{\"@id\":\"https:\\\/\\\/gabegabe224.com\\\/?p=2246#breadcrumb\"},\"inLanguage\":\"fr-FR\",\"potentialAction\":[{\"@type\":\"ReadAction\",\"target\":[\"https:\\\/\\\/gabegabe224.com\\\/?p=2246\"]}]},{\"@type\":\"ImageObject\",\"inLanguage\":\"fr-FR\",\"@id\":\"https:\\\/\\\/gabegabe224.com\\\/?p=2246#primaryimage\",\"url\":\"https:\\\/\\\/gabegabe224.com\\\/wp-content\\\/uploads\\\/2026\\\/04\\\/daff.png\",\"contentUrl\":\"https:\\\/\\\/gabegabe224.com\\\/wp-content\\\/uploads\\\/2026\\\/04\\\/daff.png\",\"width\":800,\"height\":450},{\"@type\":\"BreadcrumbList\",\"@id\":\"https:\\\/\\\/gabegabe224.com\\\/?p=2246#breadcrumb\",\"itemListElement\":[{\"@type\":\"ListItem\",\"position\":1,\"name\":\"Home\",\"item\":\"https:\\\/\\\/gabegabe224.com\\\/\"},{\"@type\":\"ListItem\",\"position\":2,\"name\":\"FEMINIA D\u2019OR 2026 : Mariama Daff honor\u00e9e pour son leadership et son action sociale\"}]},{\"@type\":\"WebSite\",\"@id\":\"https:\\\/\\\/gabegabe224.com\\\/#website\",\"url\":\"https:\\\/\\\/gabegabe224.com\\\/\",\"name\":\"\",\"description\":\"L\u2019information au c\u0153ur du digital\",\"potentialAction\":[{\"@type\":\"SearchAction\",\"target\":{\"@type\":\"EntryPoint\",\"urlTemplate\":\"https:\\\/\\\/gabegabe224.com\\\/?s={search_term_string}\"},\"query-input\":{\"@type\":\"PropertyValueSpecification\",\"valueRequired\":true,\"valueName\":\"search_term_string\"}}],\"inLanguage\":\"fr-FR\"},{\"@type\":\"Person\",\"@id\":\"https:\\\/\\\/gabegabe224.com\\\/#\\\/schema\\\/person\\\/8105b579cfbd3917935604f9bf7edd16\",\"name\":\"Kabinet Conde\",\"image\":{\"@type\":\"ImageObject\",\"inLanguage\":\"fr-FR\",\"@id\":\"https:\\\/\\\/secure.gravatar.com\\\/avatar\\\/32a081a85900638cf698d08343cf679773737b821606e5678df90c5747d5f080?s=96&d=mm&r=g\",\"url\":\"https:\\\/\\\/secure.gravatar.com\\\/avatar\\\/32a081a85900638cf698d08343cf679773737b821606e5678df90c5747d5f080?s=96&d=mm&r=g\",\"contentUrl\":\"https:\\\/\\\/secure.gravatar.com\\\/avatar\\\/32a081a85900638cf698d08343cf679773737b821606e5678df90c5747d5f080?s=96&d=mm&r=g\",\"caption\":\"Kabinet Conde\"},\"sameAs\":[\"https:\\\/\\\/www.facebook.com\\\/share\\\/1BNYrYA2g4\\\/?mibextid=wwXIfr\",\"https:\\\/\\\/www.instagram.com\\\/kabisko_kabisko5?igsh=MXJzb3g3cXp1eGxiYQ&utm_source=qr\"],\"url\":\"https:\\\/\\\/gabegabe224.com\\\/?author=2\"}]}<\/script>\n<!-- \/ Yoast SEO plugin. -->","yoast_head_json":{"title":"FEMINIA D\u2019OR 2026 : Mariama Daff honor\u00e9e pour son leadership et son action sociale -","robots":{"index":"index","follow":"follow","max-snippet":"max-snippet:-1","max-image-preview":"max-image-preview:large","max-video-preview":"max-video-preview:-1"},"canonical":"https:\/\/gabegabe224.com\/?p=2246","og_locale":"fr_FR","og_type":"article","og_title":"FEMINIA D\u2019OR 2026 : Mariama Daff honor\u00e9e pour son leadership et son action sociale -","og_description":"La c\u00e9r\u00e9monie de distinction des laur\u00e9ats du FEMINIA D\u2019OR 2026, organis\u00e9e hier en Guin\u00e9e, a consacr\u00e9 plusieurs figures du d\u00e9veloppement socio-\u00e9conomique. Parmi elles, l\u2019entrepreneure Mariama Daff a re\u00e7u le troph\u00e9e du FEMINIA D\u2019OR 2026, r\u00e9compensant son parcours et son engagement en faveur de l\u2019entrepreneuriat f\u00e9minin. Directrice g\u00e9n\u00e9rale de Marcofiguinee, entreprise sp\u00e9cialis\u00e9e dans la construction, la [&hellip;]","og_url":"https:\/\/gabegabe224.com\/?p=2246","article_author":"https:\/\/www.facebook.com\/share\/1BNYrYA2g4\/?mibextid=wwXIfr","article_published_time":"2026-04-26T14:03:27+00:00","article_modified_time":"2026-04-26T14:03:32+00:00","og_image":[{"width":800,"height":450,"url":"https:\/\/gabegabe224.com\/wp-content\/uploads\/2026\/04\/daff.png","type":"image\/png"}],"author":"Kabinet Conde","twitter_card":"summary_large_image","twitter_misc":{"\u00c9crit par":"Kabinet Conde","Dur\u00e9e de lecture estim\u00e9e":"2 minutes"},"schema":{"@context":"https:\/\/schema.org","@graph":[{"@type":"Article","@id":"https:\/\/gabegabe224.com\/?p=2246#article","isPartOf":{"@id":"https:\/\/gabegabe224.com\/?p=2246"},"author":{"name":"Kabinet Conde","@id":"https:\/\/gabegabe224.com\/#\/schema\/person\/8105b579cfbd3917935604f9bf7edd16"},"headline":"FEMINIA D\u2019OR 2026 : Mariama Daff honor\u00e9e pour son leadership et son action sociale","datePublished":"2026-04-26T14:03:27+00:00","dateModified":"2026-04-26T14:03:32+00:00","mainEntityOfPage":{"@id":"https:\/\/gabegabe224.com\/?p=2246"},"wordCount":332,"commentCount":0,"image":{"@id":"https:\/\/gabegabe224.com\/?p=2246#primaryimage"},"thumbnailUrl":"https:\/\/gabegabe224.com\/wp-content\/uploads\/2026\/04\/daff.png","articleSection":["Accueil","Soci\u00e9t\u00e9"],"inLanguage":"fr-FR","potentialAction":[{"@type":"CommentAction","name":"Comment","target":["https:\/\/gabegabe224.com\/?p=2246#respond"]}]},{"@type":"WebPage","@id":"https:\/\/gabegabe224.com\/?p=2246","url":"https:\/\/gabegabe224.com\/?p=2246","name":"FEMINIA D\u2019OR 2026 : Mariama Daff honor\u00e9e pour son leadership et son action sociale -","isPartOf":{"@id":"https:\/\/gabegabe224.com\/#website"},"primaryImageOfPage":{"@id":"https:\/\/gabegabe224.com\/?p=2246#primaryimage"},"image":{"@id":"https:\/\/gabegabe224.com\/?p=2246#primaryimage"},"thumbnailUrl":"https:\/\/gabegabe224.com\/wp-content\/uploads\/2026\/04\/daff.png","datePublished":"2026-04-26T14:03:27+00:00","dateModified":"2026-04-26T14:03:32+00:00","author":{"@id":"https:\/\/gabegabe224.com\/#\/schema\/person\/8105b579cfbd3917935604f9bf7edd16"},"breadcrumb":{"@id":"https:\/\/gabegabe224.com\/?p=2246#breadcrumb"},"inLanguage":"fr-FR","potentialAction":[{"@type":"ReadAction","target":["https:\/\/gabegabe224.com\/?p=2246"]}]},{"@type":"ImageObject","inLanguage":"fr-FR","@id":"https:\/\/gabegabe224.com\/?p=2246#primaryimage","url":"https:\/\/gabegabe224.com\/wp-content\/uploads\/2026\/04\/daff.png","contentUrl":"https:\/\/gabegabe224.com\/wp-content\/uploads\/2026\/04\/daff.png","width":800,"height":450},{"@type":"BreadcrumbList","@id":"https:\/\/gabegabe224.com\/?p=2246#breadcrumb","itemListElement":[{"@type":"ListItem","position":1,"name":"Home","item":"https:\/\/gabegabe224.com\/"},{"@type":"ListItem","position":2,"name":"FEMINIA D\u2019OR 2026 : Mariama Daff honor\u00e9e pour son leadership et son action sociale"}]},{"@type":"WebSite","@id":"https:\/\/gabegabe224.com\/#website","url":"https:\/\/gabegabe224.com\/","name":"","description":"L\u2019information au c\u0153ur du digital","potentialAction":[{"@type":"SearchAction","target":{"@type":"EntryPoint","urlTemplate":"https:\/\/gabegabe224.com\/?s={search_term_string}"},"query-input":{"@type":"PropertyValueSpecification","valueRequired":true,"valueName":"search_term_string"}}],"inLanguage":"fr-FR"},{"@type":"Person","@id":"https:\/\/gabegabe224.com\/#\/schema\/person\/8105b579cfbd3917935604f9bf7edd16","name":"Kabinet Conde","image":{"@type":"ImageObject","inLanguage":"fr-FR","@id":"https:\/\/secure.gravatar.com\/avatar\/32a081a85900638cf698d08343cf679773737b821606e5678df90c5747d5f080?s=96&d=mm&r=g","url":"https:\/\/secure.gravatar.com\/avatar\/32a081a85900638cf698d08343cf679773737b821606e5678df90c5747d5f080?s=96&d=mm&r=g","contentUrl":"https:\/\/secure.gravatar.com\/avatar\/32a081a85900638cf698d08343cf679773737b821606e5678df90c5747d5f080?s=96&d=mm&r=g","caption":"Kabinet Conde"},"sameAs":["https:\/\/www.facebook.com\/share\/1BNYrYA2g4\/?mibextid=wwXIfr","https:\/\/www.instagram.com\/kabisko_kabisko5?igsh=MXJzb3g3cXp1eGxiYQ&utm_source=qr"],"url":"https:\/\/gabegabe224.com\/?author=2"}]}},"_links":{"self":[{"href":"https:\/\/gabegabe224.com\/index.php?rest_route=\/wp\/v2\/posts\/2246","targetHints":{"allow":["GET"]}}],"collection":[{"href":"https:\/\/gabegabe224.com\/index.php?rest_route=\/wp\/v2\/posts"}],"about":[{"href":"https:\/\/gabegabe224.com\/index.php?rest_route=\/wp\/v2\/types\/post"}],"author":[{"embeddable":true,"href":"https:\/\/gabegabe224.com\/index.php?rest_route=\/wp\/v2\/users\/2"}],"replies":[{"embeddable":true,"href":"https:\/\/gabegabe224.com\/index.php?rest_route=%2Fwp%2Fv2%2Fcomments&post=2246"}],"version-history":[{"count":1,"href":"https:\/\/gabegabe224.com\/index.php?rest_route=\/wp\/v2\/posts\/2246\/revisions"}],"predecessor-version":[{"id":2251,"href":"https:\/\/gabegabe224.com\/index.php?rest_route=\/wp\/v2\/posts\/2246\/revisions\/2251"}],"wp:featuredmedia":[{"embeddable":true,"href":"https:\/\/gabegabe224.com\/index.php?rest_route=\/wp\/v2\/media\/2247"}],"wp:attachment":[{"href":"https:\/\/gabegabe224.com\/index.php?rest_route=%2Fwp%2Fv2%2Fmedia&parent=2246"}],"wp:term":[{"taxonomy":"category","embeddable":true,"href":"https:\/\/gabegabe224.com\/index.php?rest_route=%2Fwp%2Fv2%2Fcategories&post=2246"},{"taxonomy":"post_tag","embeddable":true,"href":"https:\/\/gabegabe224.com\/index.php?rest_route=%2Fwp%2Fv2%2Ftags&post=2246"}],"curies":[{"name":"wp","href":"https:\/\/api.w.org\/{rel}","templated":true}]}}