{"id":340,"date":"2025-04-15T10:23:46","date_gmt":"2025-04-15T08:23:46","guid":{"rendered":"https:\/\/gabegabe224.com\/?p=340"},"modified":"2025-04-15T10:38:20","modified_gmt":"2025-04-15T08:38:20","slug":"femua-2025-benedi-salue-une-reconnaissance-culturelle-de-letat-guineen","status":"publish","type":"post","link":"https:\/\/gabegabe224.com\/?p=340","title":{"rendered":"FEMUA 2025 : Benedi salue une reconnaissance culturelle de l\u2019\u00c9tat guin\u00e9en !"},"content":{"rendered":"\n<p>Pr\u00e9sent \u00e0 la 17e \u00e9dition du Festival des Musiques Urbaines d\u2019Anoumabo (FEMUA) en C\u00f4te d\u2019Ivoire, le patron de la structure \u00ab\u00a0<strong>Benedi Record<\/strong>\u00a0\u00bb a tenu \u00e0 exprimer toute sa reconnaissance au minist\u00e8re guin\u00e9en de la Culture pour son invitation officielle.<\/p>\n\n\n\n<p><strong><em>\u00ab J\u2019ai l\u2019habitude de voyager, de participer \u00e0 de grands festivals(\u2026) Mais cette fois, c\u2019est l\u2019\u00c9tat qui m\u2019a invit\u00e9, Je profite de l&rsquo;occasion pour dire merci(&#8230;) Pour moi c&rsquo;est la reconnaissance de plusieurs ann\u00e9es de travail&#8230; \u00bb<\/em><\/strong><\/p>\n\n\n\n<p>Engag\u00e9 depuis des ann\u00e9es pour la promotion de la culture urbaine et des jeunes talents, Benedy voit dans cette reconnaissance un signal fort : celui de la consid\u00e9ration de l\u2019\u00c9tat envers les acteurs culturels, de leur vivant.<\/p>\n\n\n\n<p>Au-del\u00e0 de sa participation au festival, il souligne l\u2019importance de l\u2019\u00e9change culturel :<\/p>\n\n\n\n<p><strong><em>\u00ab \u00catre au FEMUA, c\u2019est apprendre, partager, cr\u00e9er des liens. La Guin\u00e9e a marqu\u00e9 cette \u00e9dition par sa pr\u00e9sence massive et dynamique. \u00bb<\/em><\/strong><\/p>\n\n\n\n<p>Il en a profit\u00e9 pour appeler \u00e0 une relance structur\u00e9e des festivals guin\u00e9ens, avec des moyens, un calendrier coh\u00e9rent et une vision partag\u00e9e entre le minist\u00e8re et les acteurs du secteur.<\/p>\n\n\n\n<p><strong><em>\u00ab Nous avons les talents, les id\u00e9es, l\u2019exp\u00e9rience. Il faut maintenant miser sur la relance des grands festivals guin\u00e9ens pour que la culture vive pleinement chez nous aussi. \u00bb<\/em><\/strong><\/p>\n\n\n\n<p>Lien de l&rsquo;int\u00e9gralit\u00e9 de l&rsquo;interview : <a href=\"https:\/\/www.facebook.com\/61550266495459\/videos\/705455935147443\"><strong>https:\/\/www.facebook.com\/61550266495459\/videos\/705455935147443<\/strong><\/a><\/p>\n","protected":false},"excerpt":{"rendered":"<p>Pr\u00e9sent \u00e0 la 17e \u00e9dition du Festival des Musiques Urbaines d\u2019Anoumabo (FEMUA) en C\u00f4te d\u2019Ivoire, le patron de la structure \u00ab\u00a0Benedi Record\u00a0\u00bb a tenu \u00e0 exprimer toute sa reconnaissance au minist\u00e8re guin\u00e9en de la Culture pour son invitation officielle. \u00ab J\u2019ai l\u2019habitude de voyager, de participer \u00e0 de grands festivals(\u2026) Mais cette fois, c\u2019est l\u2019\u00c9tat [&hellip;]<\/p>\n","protected":false},"author":2,"featured_media":345,"comment_status":"open","ping_status":"open","sticky":false,"template":"","format":"standard","meta":{"footnotes":""},"categories":[1,2],"tags":[],"class_list":["post-340","post","type-post","status-publish","format-standard","has-post-thumbnail","hentry","category-accueil","category-actualite"],"yoast_head":"<!-- This site is optimized with the Yoast SEO plugin v27.4 - https:\/\/yoast.com\/product\/yoast-seo-wordpress\/ -->\n<title>FEMUA 2025 : Benedi salue une reconnaissance culturelle de l\u2019\u00c9tat guin\u00e9en ! -<\/title>\n<meta name=\"robots\" content=\"index, follow, max-snippet:-1, max-image-preview:large, max-video-preview:-1\" \/>\n<link rel=\"canonical\" href=\"https:\/\/gabegabe224.com\/?p=340\" \/>\n<meta property=\"og:locale\" content=\"fr_FR\" \/>\n<meta property=\"og:type\" content=\"article\" \/>\n<meta property=\"og:title\" content=\"FEMUA 2025 : Benedi salue une reconnaissance culturelle de l\u2019\u00c9tat guin\u00e9en ! -\" \/>\n<meta property=\"og:description\" content=\"Pr\u00e9sent \u00e0 la 17e \u00e9dition du Festival des Musiques Urbaines d\u2019Anoumabo (FEMUA) en C\u00f4te d\u2019Ivoire, le patron de la structure \u00ab\u00a0Benedi Record\u00a0\u00bb a tenu \u00e0 exprimer toute sa reconnaissance au minist\u00e8re guin\u00e9en de la Culture pour son invitation officielle. \u00ab J\u2019ai l\u2019habitude de voyager, de participer \u00e0 de grands festivals(\u2026) Mais cette fois, c\u2019est l\u2019\u00c9tat [&hellip;]\" \/>\n<meta property=\"og:url\" content=\"https:\/\/gabegabe224.com\/?p=340\" \/>\n<meta property=\"article:author\" content=\"https:\/\/www.facebook.com\/share\/1BNYrYA2g4\/?mibextid=wwXIfr\" \/>\n<meta property=\"article:published_time\" content=\"2025-04-15T08:23:46+00:00\" \/>\n<meta property=\"article:modified_time\" content=\"2025-04-15T08:38:20+00:00\" \/>\n<meta property=\"og:image\" content=\"https:\/\/gabegabe224.com\/wp-content\/uploads\/2025\/04\/IMG_4585.jpeg\" \/>\n\t<meta property=\"og:image:width\" content=\"1536\" \/>\n\t<meta property=\"og:image:height\" content=\"1005\" \/>\n\t<meta property=\"og:image:type\" content=\"image\/jpeg\" \/>\n<meta name=\"author\" content=\"Kabinet Conde\" \/>\n<meta name=\"twitter:card\" content=\"summary_large_image\" \/>\n<meta name=\"twitter:label1\" content=\"\u00c9crit par\" \/>\n\t<meta name=\"twitter:data1\" content=\"Kabinet Conde\" \/>\n\t<meta name=\"twitter:label2\" content=\"Dur\u00e9e de lecture estim\u00e9e\" \/>\n\t<meta name=\"twitter:data2\" content=\"2 minutes\" \/>\n<script type=\"application\/ld+json\" class=\"yoast-schema-graph\">{\"@context\":\"https:\\\/\\\/schema.org\",\"@graph\":[{\"@type\":\"Article\",\"@id\":\"https:\\\/\\\/gabegabe224.com\\\/?p=340#article\",\"isPartOf\":{\"@id\":\"https:\\\/\\\/gabegabe224.com\\\/?p=340\"},\"author\":{\"name\":\"Kabinet Conde\",\"@id\":\"https:\\\/\\\/gabegabe224.com\\\/#\\\/schema\\\/person\\\/8105b579cfbd3917935604f9bf7edd16\"},\"headline\":\"FEMUA 2025 : Benedi salue une reconnaissance culturelle de l\u2019\u00c9tat guin\u00e9en !\",\"datePublished\":\"2025-04-15T08:23:46+00:00\",\"dateModified\":\"2025-04-15T08:38:20+00:00\",\"mainEntityOfPage\":{\"@id\":\"https:\\\/\\\/gabegabe224.com\\\/?p=340\"},\"wordCount\":253,\"commentCount\":0,\"image\":{\"@id\":\"https:\\\/\\\/gabegabe224.com\\\/?p=340#primaryimage\"},\"thumbnailUrl\":\"https:\\\/\\\/gabegabe224.com\\\/wp-content\\\/uploads\\\/2025\\\/04\\\/IMG_4585.jpeg\",\"articleSection\":[\"Accueil\",\"Actualit\u00e9\"],\"inLanguage\":\"fr-FR\",\"potentialAction\":[{\"@type\":\"CommentAction\",\"name\":\"Comment\",\"target\":[\"https:\\\/\\\/gabegabe224.com\\\/?p=340#respond\"]}]},{\"@type\":\"WebPage\",\"@id\":\"https:\\\/\\\/gabegabe224.com\\\/?p=340\",\"url\":\"https:\\\/\\\/gabegabe224.com\\\/?p=340\",\"name\":\"FEMUA 2025 : Benedi salue une reconnaissance culturelle de l\u2019\u00c9tat guin\u00e9en ! -\",\"isPartOf\":{\"@id\":\"https:\\\/\\\/gabegabe224.com\\\/#website\"},\"primaryImageOfPage\":{\"@id\":\"https:\\\/\\\/gabegabe224.com\\\/?p=340#primaryimage\"},\"image\":{\"@id\":\"https:\\\/\\\/gabegabe224.com\\\/?p=340#primaryimage\"},\"thumbnailUrl\":\"https:\\\/\\\/gabegabe224.com\\\/wp-content\\\/uploads\\\/2025\\\/04\\\/IMG_4585.jpeg\",\"datePublished\":\"2025-04-15T08:23:46+00:00\",\"dateModified\":\"2025-04-15T08:38:20+00:00\",\"author\":{\"@id\":\"https:\\\/\\\/gabegabe224.com\\\/#\\\/schema\\\/person\\\/8105b579cfbd3917935604f9bf7edd16\"},\"breadcrumb\":{\"@id\":\"https:\\\/\\\/gabegabe224.com\\\/?p=340#breadcrumb\"},\"inLanguage\":\"fr-FR\",\"potentialAction\":[{\"@type\":\"ReadAction\",\"target\":[\"https:\\\/\\\/gabegabe224.com\\\/?p=340\"]}]},{\"@type\":\"ImageObject\",\"inLanguage\":\"fr-FR\",\"@id\":\"https:\\\/\\\/gabegabe224.com\\\/?p=340#primaryimage\",\"url\":\"https:\\\/\\\/gabegabe224.com\\\/wp-content\\\/uploads\\\/2025\\\/04\\\/IMG_4585.jpeg\",\"contentUrl\":\"https:\\\/\\\/gabegabe224.com\\\/wp-content\\\/uploads\\\/2025\\\/04\\\/IMG_4585.jpeg\",\"width\":1536,\"height\":1005},{\"@type\":\"BreadcrumbList\",\"@id\":\"https:\\\/\\\/gabegabe224.com\\\/?p=340#breadcrumb\",\"itemListElement\":[{\"@type\":\"ListItem\",\"position\":1,\"name\":\"Home\",\"item\":\"https:\\\/\\\/gabegabe224.com\\\/\"},{\"@type\":\"ListItem\",\"position\":2,\"name\":\"FEMUA 2025 : Benedi salue une reconnaissance culturelle de l\u2019\u00c9tat guin\u00e9en !\"}]},{\"@type\":\"WebSite\",\"@id\":\"https:\\\/\\\/gabegabe224.com\\\/#website\",\"url\":\"https:\\\/\\\/gabegabe224.com\\\/\",\"name\":\"\",\"description\":\"L\u2019information au c\u0153ur du digital\",\"potentialAction\":[{\"@type\":\"SearchAction\",\"target\":{\"@type\":\"EntryPoint\",\"urlTemplate\":\"https:\\\/\\\/gabegabe224.com\\\/?s={search_term_string}\"},\"query-input\":{\"@type\":\"PropertyValueSpecification\",\"valueRequired\":true,\"valueName\":\"search_term_string\"}}],\"inLanguage\":\"fr-FR\"},{\"@type\":\"Person\",\"@id\":\"https:\\\/\\\/gabegabe224.com\\\/#\\\/schema\\\/person\\\/8105b579cfbd3917935604f9bf7edd16\",\"name\":\"Kabinet Conde\",\"image\":{\"@type\":\"ImageObject\",\"inLanguage\":\"fr-FR\",\"@id\":\"https:\\\/\\\/secure.gravatar.com\\\/avatar\\\/32a081a85900638cf698d08343cf679773737b821606e5678df90c5747d5f080?s=96&d=mm&r=g\",\"url\":\"https:\\\/\\\/secure.gravatar.com\\\/avatar\\\/32a081a85900638cf698d08343cf679773737b821606e5678df90c5747d5f080?s=96&d=mm&r=g\",\"contentUrl\":\"https:\\\/\\\/secure.gravatar.com\\\/avatar\\\/32a081a85900638cf698d08343cf679773737b821606e5678df90c5747d5f080?s=96&d=mm&r=g\",\"caption\":\"Kabinet Conde\"},\"sameAs\":[\"https:\\\/\\\/www.facebook.com\\\/share\\\/1BNYrYA2g4\\\/?mibextid=wwXIfr\",\"https:\\\/\\\/www.instagram.com\\\/kabisko_kabisko5?igsh=MXJzb3g3cXp1eGxiYQ&utm_source=qr\"],\"url\":\"https:\\\/\\\/gabegabe224.com\\\/?author=2\"}]}<\/script>\n<!-- \/ Yoast SEO plugin. -->","yoast_head_json":{"title":"FEMUA 2025 : Benedi salue une reconnaissance culturelle de l\u2019\u00c9tat guin\u00e9en ! -","robots":{"index":"index","follow":"follow","max-snippet":"max-snippet:-1","max-image-preview":"max-image-preview:large","max-video-preview":"max-video-preview:-1"},"canonical":"https:\/\/gabegabe224.com\/?p=340","og_locale":"fr_FR","og_type":"article","og_title":"FEMUA 2025 : Benedi salue une reconnaissance culturelle de l\u2019\u00c9tat guin\u00e9en ! -","og_description":"Pr\u00e9sent \u00e0 la 17e \u00e9dition du Festival des Musiques Urbaines d\u2019Anoumabo (FEMUA) en C\u00f4te d\u2019Ivoire, le patron de la structure \u00ab\u00a0Benedi Record\u00a0\u00bb a tenu \u00e0 exprimer toute sa reconnaissance au minist\u00e8re guin\u00e9en de la Culture pour son invitation officielle. \u00ab J\u2019ai l\u2019habitude de voyager, de participer \u00e0 de grands festivals(\u2026) Mais cette fois, c\u2019est l\u2019\u00c9tat [&hellip;]","og_url":"https:\/\/gabegabe224.com\/?p=340","article_author":"https:\/\/www.facebook.com\/share\/1BNYrYA2g4\/?mibextid=wwXIfr","article_published_time":"2025-04-15T08:23:46+00:00","article_modified_time":"2025-04-15T08:38:20+00:00","og_image":[{"width":1536,"height":1005,"url":"https:\/\/gabegabe224.com\/wp-content\/uploads\/2025\/04\/IMG_4585.jpeg","type":"image\/jpeg"}],"author":"Kabinet Conde","twitter_card":"summary_large_image","twitter_misc":{"\u00c9crit par":"Kabinet Conde","Dur\u00e9e de lecture estim\u00e9e":"2 minutes"},"schema":{"@context":"https:\/\/schema.org","@graph":[{"@type":"Article","@id":"https:\/\/gabegabe224.com\/?p=340#article","isPartOf":{"@id":"https:\/\/gabegabe224.com\/?p=340"},"author":{"name":"Kabinet Conde","@id":"https:\/\/gabegabe224.com\/#\/schema\/person\/8105b579cfbd3917935604f9bf7edd16"},"headline":"FEMUA 2025 : Benedi salue une reconnaissance culturelle de l\u2019\u00c9tat guin\u00e9en !","datePublished":"2025-04-15T08:23:46+00:00","dateModified":"2025-04-15T08:38:20+00:00","mainEntityOfPage":{"@id":"https:\/\/gabegabe224.com\/?p=340"},"wordCount":253,"commentCount":0,"image":{"@id":"https:\/\/gabegabe224.com\/?p=340#primaryimage"},"thumbnailUrl":"https:\/\/gabegabe224.com\/wp-content\/uploads\/2025\/04\/IMG_4585.jpeg","articleSection":["Accueil","Actualit\u00e9"],"inLanguage":"fr-FR","potentialAction":[{"@type":"CommentAction","name":"Comment","target":["https:\/\/gabegabe224.com\/?p=340#respond"]}]},{"@type":"WebPage","@id":"https:\/\/gabegabe224.com\/?p=340","url":"https:\/\/gabegabe224.com\/?p=340","name":"FEMUA 2025 : Benedi salue une reconnaissance culturelle de l\u2019\u00c9tat guin\u00e9en ! -","isPartOf":{"@id":"https:\/\/gabegabe224.com\/#website"},"primaryImageOfPage":{"@id":"https:\/\/gabegabe224.com\/?p=340#primaryimage"},"image":{"@id":"https:\/\/gabegabe224.com\/?p=340#primaryimage"},"thumbnailUrl":"https:\/\/gabegabe224.com\/wp-content\/uploads\/2025\/04\/IMG_4585.jpeg","datePublished":"2025-04-15T08:23:46+00:00","dateModified":"2025-04-15T08:38:20+00:00","author":{"@id":"https:\/\/gabegabe224.com\/#\/schema\/person\/8105b579cfbd3917935604f9bf7edd16"},"breadcrumb":{"@id":"https:\/\/gabegabe224.com\/?p=340#breadcrumb"},"inLanguage":"fr-FR","potentialAction":[{"@type":"ReadAction","target":["https:\/\/gabegabe224.com\/?p=340"]}]},{"@type":"ImageObject","inLanguage":"fr-FR","@id":"https:\/\/gabegabe224.com\/?p=340#primaryimage","url":"https:\/\/gabegabe224.com\/wp-content\/uploads\/2025\/04\/IMG_4585.jpeg","contentUrl":"https:\/\/gabegabe224.com\/wp-content\/uploads\/2025\/04\/IMG_4585.jpeg","width":1536,"height":1005},{"@type":"BreadcrumbList","@id":"https:\/\/gabegabe224.com\/?p=340#breadcrumb","itemListElement":[{"@type":"ListItem","position":1,"name":"Home","item":"https:\/\/gabegabe224.com\/"},{"@type":"ListItem","position":2,"name":"FEMUA 2025 : Benedi salue une reconnaissance culturelle de l\u2019\u00c9tat guin\u00e9en !"}]},{"@type":"WebSite","@id":"https:\/\/gabegabe224.com\/#website","url":"https:\/\/gabegabe224.com\/","name":"","description":"L\u2019information au c\u0153ur du digital","potentialAction":[{"@type":"SearchAction","target":{"@type":"EntryPoint","urlTemplate":"https:\/\/gabegabe224.com\/?s={search_term_string}"},"query-input":{"@type":"PropertyValueSpecification","valueRequired":true,"valueName":"search_term_string"}}],"inLanguage":"fr-FR"},{"@type":"Person","@id":"https:\/\/gabegabe224.com\/#\/schema\/person\/8105b579cfbd3917935604f9bf7edd16","name":"Kabinet Conde","image":{"@type":"ImageObject","inLanguage":"fr-FR","@id":"https:\/\/secure.gravatar.com\/avatar\/32a081a85900638cf698d08343cf679773737b821606e5678df90c5747d5f080?s=96&d=mm&r=g","url":"https:\/\/secure.gravatar.com\/avatar\/32a081a85900638cf698d08343cf679773737b821606e5678df90c5747d5f080?s=96&d=mm&r=g","contentUrl":"https:\/\/secure.gravatar.com\/avatar\/32a081a85900638cf698d08343cf679773737b821606e5678df90c5747d5f080?s=96&d=mm&r=g","caption":"Kabinet Conde"},"sameAs":["https:\/\/www.facebook.com\/share\/1BNYrYA2g4\/?mibextid=wwXIfr","https:\/\/www.instagram.com\/kabisko_kabisko5?igsh=MXJzb3g3cXp1eGxiYQ&utm_source=qr"],"url":"https:\/\/gabegabe224.com\/?author=2"}]}},"_links":{"self":[{"href":"https:\/\/gabegabe224.com\/index.php?rest_route=\/wp\/v2\/posts\/340","targetHints":{"allow":["GET"]}}],"collection":[{"href":"https:\/\/gabegabe224.com\/index.php?rest_route=\/wp\/v2\/posts"}],"about":[{"href":"https:\/\/gabegabe224.com\/index.php?rest_route=\/wp\/v2\/types\/post"}],"author":[{"embeddable":true,"href":"https:\/\/gabegabe224.com\/index.php?rest_route=\/wp\/v2\/users\/2"}],"replies":[{"embeddable":true,"href":"https:\/\/gabegabe224.com\/index.php?rest_route=%2Fwp%2Fv2%2Fcomments&post=340"}],"version-history":[{"count":1,"href":"https:\/\/gabegabe224.com\/index.php?rest_route=\/wp\/v2\/posts\/340\/revisions"}],"predecessor-version":[{"id":342,"href":"https:\/\/gabegabe224.com\/index.php?rest_route=\/wp\/v2\/posts\/340\/revisions\/342"}],"wp:featuredmedia":[{"embeddable":true,"href":"https:\/\/gabegabe224.com\/index.php?rest_route=\/wp\/v2\/media\/345"}],"wp:attachment":[{"href":"https:\/\/gabegabe224.com\/index.php?rest_route=%2Fwp%2Fv2%2Fmedia&parent=340"}],"wp:term":[{"taxonomy":"category","embeddable":true,"href":"https:\/\/gabegabe224.com\/index.php?rest_route=%2Fwp%2Fv2%2Fcategories&post=340"},{"taxonomy":"post_tag","embeddable":true,"href":"https:\/\/gabegabe224.com\/index.php?rest_route=%2Fwp%2Fv2%2Ftags&post=340"}],"curies":[{"name":"wp","href":"https:\/\/api.w.org\/{rel}","templated":true}]}}